{"id":9528,"date":"2016-06-18T12:48:33","date_gmt":"2016-06-18T10:48:33","guid":{"rendered":"http:\/\/www.friedenkoeln.de\/?p=9528"},"modified":"2016-06-28T18:34:54","modified_gmt":"2016-06-28T16:34:54","slug":"jetzt-zur-friedensfahrradtour-anmelden","status":"publish","type":"post","link":"https:\/\/www.friedenkoeln.de\/?p=9528","title":{"rendered":"Jetzt zur FriedensFahrradtour anmelden!"},"content":{"rendered":"<p>Die FriedensFahradtour der DFG-VK NRW geht dieses Jahr vom 30. 7. &#8211; 6. 8. von M\u00fcnster nach K\u00f6ln. Damit wir planen k\u00f6nnen, sollte die Anmeldung m\u00f6glichst bis zum 19. 6. erfolgen.<\/p>\n<p><!--more--><\/p>\n<p>Alles N\u00e4here unter <a href=\"http:\/\/nrw.dfg-vk.de\/themen\/Fahrradtour.html\">http:\/\/nrw.dfg-vk.de\/themen\/Fahrradtour.html<\/a><\/p>\n<p><a href=\"http:\/\/www.friedenkoeln.de\/wp-content\/uploads\/2016\/06\/tour15a.jpg\" data-id=\"9529\" data-rel=\"lightbox-image-0\" data-rl_title=\"\" data-rl_caption=\"\" title=\"\"><img loading=\"lazy\" decoding=\"async\" class=\"size-thumbnail wp-image-9529 alignleft\" src=\"http:\/\/www.friedenkoeln.de\/wp-content\/uploads\/2016\/06\/tour15a-150x150.jpg\" alt=\"tour15a\" width=\"150\" height=\"150\" srcset=\"https:\/\/www.friedenkoeln.de\/wp-content\/uploads\/2016\/06\/tour15a-150x150.jpg 150w, https:\/\/www.friedenkoeln.de\/wp-content\/uploads\/2016\/06\/tour15a-65x65.jpg 65w\" sizes=\"auto, (max-width: 150px) 100vw, 150px\" \/><\/a><\/p>\n","protected":false},"excerpt":{"rendered":"<p>Die FriedensFahradtour der DFG-VK NRW geht dieses Jahr vom 30. 7. &#8211; 6. 8. von M\u00fcnster nach K\u00f6ln. Damit wir planen k\u00f6nnen, sollte die Anmeldung m\u00f6glichst bis zum 19. 6. erfolgen.<\/p>\n","protected":false},"author":110,"featured_media":9529,"comment_status":"open","ping_status":"open","sticky":false,"template":"","format":"standard","meta":{"footnotes":""},"categories":[2],"tags":[42,33,36],"class_list":["post-9528","post","type-post","status-publish","format-standard","has-post-thumbnail","hentry","category-aktionen","tag-abruestung","tag-atomwaffen","tag-oekologie-und-frieden"],"_links":{"self":[{"href":"https:\/\/www.friedenkoeln.de\/index.php?rest_route=\/wp\/v2\/posts\/9528","targetHints":{"allow":["GET"]}}],"collection":[{"href":"https:\/\/www.friedenkoeln.de\/index.php?rest_route=\/wp\/v2\/posts"}],"about":[{"href":"https:\/\/www.friedenkoeln.de\/index.php?rest_route=\/wp\/v2\/types\/post"}],"author":[{"embeddable":true,"href":"https:\/\/www.friedenkoeln.de\/index.php?rest_route=\/wp\/v2\/users\/110"}],"replies":[{"embeddable":true,"href":"https:\/\/www.friedenkoeln.de\/index.php?rest_route=%2Fwp%2Fv2%2Fcomments&post=9528"}],"version-history":[{"count":5,"href":"https:\/\/www.friedenkoeln.de\/index.php?rest_route=\/wp\/v2\/posts\/9528\/revisions"}],"predecessor-version":[{"id":9600,"href":"https:\/\/www.friedenkoeln.de\/index.php?rest_route=\/wp\/v2\/posts\/9528\/revisions\/9600"}],"wp:featuredmedia":[{"embeddable":true,"href":"https:\/\/www.friedenkoeln.de\/index.php?rest_route=\/wp\/v2\/media\/9529"}],"wp:attachment":[{"href":"https:\/\/www.friedenkoeln.de\/index.php?rest_route=%2Fwp%2Fv2%2Fmedia&parent=9528"}],"wp:term":[{"taxonomy":"category","embeddable":true,"href":"https:\/\/www.friedenkoeln.de\/index.php?rest_route=%2Fwp%2Fv2%2Fcategories&post=9528"},{"taxonomy":"post_tag","embeddable":true,"href":"https:\/\/www.friedenkoeln.de\/index.php?rest_route=%2Fwp%2Fv2%2Ftags&post=9528"}],"curies":[{"name":"wp","href":"https:\/\/api.w.org\/{rel}","templated":true}]}}