{"id":9566,"date":"2016-06-22T21:57:27","date_gmt":"2016-06-22T19:57:27","guid":{"rendered":"http:\/\/www.friedenkoeln.de\/?p=9566"},"modified":"2020-11-14T23:33:34","modified_gmt":"2020-11-14T21:33:34","slug":"vor-75-jahren-ueberfall-deutschlands-auf-die-sowjetunion","status":"publish","type":"post","link":"https:\/\/www.friedenkoeln.de\/?p=9566","title":{"rendered":"Vor 75 Jahren: \u00dcberfall Deutschlands auf die Sowjetunion"},"content":{"rendered":"<p>Aus Anlass des 75. Jahrestages des \u00dcberfalls des Nazi-gef\u00fchrten Deutschlands auf die Sowjetunion am 22.06.1942 fordern \u00fcber 100 WissenschaftlerInnen, JuristInnen, Engagierte aus der Friedensbewegung und Abgeordnete des Deutschen Bundestages in einem von der IALANA initiierten Aufruf:<\/p>\n<p><a href=\"http:\/\/www.ialana.de\/aktuell\/veranstaltungen\/veranstaltungen-in-2016\/friedensbewegung-2016\/1586-pm-ialana-vom-21-6-2016-aufruf-fordert-eine-neue-qualitaet-freundschaftlicher-und-friedlicher-beziehungen-zu-russland-und-eine-umfassende-abruestung\">http:\/\/www.ialana.de\/aktuell\/veranstaltungen\/veranstaltungen-in-2016\/friedensbewegung-2016\/1586-pm-ialana-vom-21-6-2016-aufruf-fordert-eine-neue-qualitaet-freundschaftlicher-und-friedlicher-beziehungen-zu-russland-und-eine-umfassende-abruestung<\/a><\/p>\n<p>Lesenswert auch die Beitr\u00e4ge auf den &#8222;Nachdenkseiten&#8220; von <a href=\"http:\/\/www.nachdenkseiten.de\/?p=33892#more-33892\">Albrecht M\u00fcller<\/a>, <a href=\"http:\/\/www.nachdenkseiten.de\/?p=33915#more-33915\">Kai Ehlers<\/a> und <a href=\"http:\/\/www.nachdenkseiten.de\/?p=33880#more-33880\">Oskar Lafontaine<\/a>.<\/p>\n<p>Harald Fuchs<\/p>\n<p>&nbsp;<\/p>\n","protected":false},"excerpt":{"rendered":"<p>Aus Anlass des 75. Jahrestages des \u00dcberfalls des Nazi-gef\u00fchrten Deutschlands auf die Sowjetunion am 22.06.1942 fordern \u00fcber 100 WissenschaftlerInnen, JuristInnen, Engagierte aus der Friedensbewegung und Abgeordnete des Deutschen Bundestages in einem von der IALANA&#46;&#46;&#46;<\/p>\n","protected":false},"author":110,"featured_media":0,"comment_status":"open","ping_status":"open","sticky":false,"template":"","format":"standard","meta":{"footnotes":""},"categories":[106],"tags":[45,32],"class_list":["post-9566","post","type-post","status-publish","format-standard","hentry","category-analyse","tag-geschichte","tag-information-diskussion"],"_links":{"self":[{"href":"https:\/\/www.friedenkoeln.de\/index.php?rest_route=\/wp\/v2\/posts\/9566","targetHints":{"allow":["GET"]}}],"collection":[{"href":"https:\/\/www.friedenkoeln.de\/index.php?rest_route=\/wp\/v2\/posts"}],"about":[{"href":"https:\/\/www.friedenkoeln.de\/index.php?rest_route=\/wp\/v2\/types\/post"}],"author":[{"embeddable":true,"href":"https:\/\/www.friedenkoeln.de\/index.php?rest_route=\/wp\/v2\/users\/110"}],"replies":[{"embeddable":true,"href":"https:\/\/www.friedenkoeln.de\/index.php?rest_route=%2Fwp%2Fv2%2Fcomments&post=9566"}],"version-history":[{"count":1,"href":"https:\/\/www.friedenkoeln.de\/index.php?rest_route=\/wp\/v2\/posts\/9566\/revisions"}],"predecessor-version":[{"id":9567,"href":"https:\/\/www.friedenkoeln.de\/index.php?rest_route=\/wp\/v2\/posts\/9566\/revisions\/9567"}],"wp:attachment":[{"href":"https:\/\/www.friedenkoeln.de\/index.php?rest_route=%2Fwp%2Fv2%2Fmedia&parent=9566"}],"wp:term":[{"taxonomy":"category","embeddable":true,"href":"https:\/\/www.friedenkoeln.de\/index.php?rest_route=%2Fwp%2Fv2%2Fcategories&post=9566"},{"taxonomy":"post_tag","embeddable":true,"href":"https:\/\/www.friedenkoeln.de\/index.php?rest_route=%2Fwp%2Fv2%2Ftags&post=9566"}],"curies":[{"name":"wp","href":"https:\/\/api.w.org\/{rel}","templated":true}]}}