{"id":9605,"date":"2016-07-01T08:56:30","date_gmt":"2016-07-01T06:56:30","guid":{"rendered":"http:\/\/www.friedenkoeln.de\/?p=9605"},"modified":"2020-11-14T23:33:19","modified_gmt":"2020-11-14T21:33:19","slug":"harald-fuchs-an-spd-abgeordnete-krieg-ist-selbst-der-schlimmste-terror","status":"publish","type":"post","link":"https:\/\/www.friedenkoeln.de\/?p=9605","title":{"rendered":"Harald Fuchs an SPD-Abgeordnete: Krieg ist selbst der schlimmste Terror"},"content":{"rendered":"<p><em>Von Stefanie Intveen.\u00a0<\/em>Harald Fuchs, einer der Sprecherinnen und Sprecher der DFG-VK Gruppe K\u00f6ln, <a href=\"http:\/\/www.friedenkoeln.de\/wp-content\/uploads\/2016\/07\/DFG-VK-Gruppe-K\u00f6ln_SPD-MdBs-K\u00f6ln_Antwort-Syrieneinsatz_20160630.pdf\">antwortete<\/a> auf das ausf\u00fchrliche <a href=\"http:\/\/www.friedenkoeln.de\/wp-content\/uploads\/2016\/03\/K\u00f6lner-MdBs-SPD_160317_Antworten-auf-Friedensinitiative-wegen-Syrien-Einsatz.pdf\">Schreiben<\/a> der vier K\u00f6lner Bundestagsabgeordneten der SPD vom 17. M\u00e4rz 2016 zum Bundeswehreinsatz in Syrien: &#8222;Leider konnten Sie uns inhaltlich nicht \u00fcberzeugen, dass Sie mit diesem Beschluss einen Beitrag zum Frieden und zur L\u00f6sung der bestehenden Probleme geleistet haben.&#8220;<!--more--><\/p>\n<p>Fuchs benennt in seinem kurzen Brief die logischen Br\u00fcche in der Argumentation der Kriegsbef\u00fcrworter &#8211; z. B. die Fiktion, Terror durch Krieg bek\u00e4mpfen zu k\u00f6nnen &#8211; und zeigt, an welchen Stellen wesentliche Fakten von den Abgeordneten ausgeblendet werden, so dass die behauptete politische Strategie der Bundesregierung\u00a0der faktischen Strategie widerspricht. Das trifft\u00a0f\u00fcr die\u00a0Behauptung zu, die milit\u00e4rischen Ma\u00dfnahmen seien in eine nichtmilit\u00e4rische Gesamtstrategie eingebettet. Fuchs: &#8222;Solange f\u00fcr zivile Konfliktbearbeitung nur Gelder im Promillebereich der Ausgaben f\u00fcr Kriegf\u00fchrung und R\u00fcstung ausgegeben werden, erscheinen Ihre Ausf\u00fchrungen wie leere Worte.&#8220;<\/p>\n<p>Wer sich als deutscher Staatsb\u00fcrger\u00a0der\u00a0Rechtstradition\u00a0des Grundgesetzes verbunden f\u00fchlt, wird das Alptraumhafte der Antwort der Bundestagsabgeordneten auf die Frage nach dem Ende des Bundeswehreinsatzes empfinden. Harald Fuchs findet klare Worte: &#8222;In der Antwort (&#8230;)\u00a0\u00a0wird deutlich, dass es f\u00fcr den Syrien-Einsatz der Bundeswehr keine Exit-Strategie gibt,sondern dass wir auf einen jahrzehntelangen Krieg eingestimmt werden sollen, f\u00fcr den mit diesem Mandat die T\u00fcr ge\u00f6ffnet wurde.&#8220;<\/p>\n<p>&nbsp;<\/p>\n<p>&nbsp;<\/p>\n<p>&nbsp;<\/p>\n","protected":false},"excerpt":{"rendered":"<p>Von Stefanie Intveen.\u00a0Harald Fuchs, einer der Sprecherinnen und Sprecher der DFG-VK Gruppe K\u00f6ln, antwortete auf das ausf\u00fchrliche Schreiben der vier K\u00f6lner Bundestagsabgeordneten der SPD vom 17. M\u00e4rz 2016 zum Bundeswehreinsatz in Syrien: &#8222;Leider konnten&#46;&#46;&#46;<\/p>\n","protected":false},"author":110,"featured_media":0,"comment_status":"open","ping_status":"open","sticky":false,"template":"","format":"standard","meta":{"footnotes":""},"categories":[141],"tags":[49,48,47,4],"class_list":["post-9605","post","type-post","status-publish","format-standard","hentry","category-brief","tag-bundestag","tag-bundeswehr","tag-krieg-gegen-terror","tag-zivile-konfliktloesung"],"_links":{"self":[{"href":"https:\/\/www.friedenkoeln.de\/index.php?rest_route=\/wp\/v2\/posts\/9605","targetHints":{"allow":["GET"]}}],"collection":[{"href":"https:\/\/www.friedenkoeln.de\/index.php?rest_route=\/wp\/v2\/posts"}],"about":[{"href":"https:\/\/www.friedenkoeln.de\/index.php?rest_route=\/wp\/v2\/types\/post"}],"author":[{"embeddable":true,"href":"https:\/\/www.friedenkoeln.de\/index.php?rest_route=\/wp\/v2\/users\/110"}],"replies":[{"embeddable":true,"href":"https:\/\/www.friedenkoeln.de\/index.php?rest_route=%2Fwp%2Fv2%2Fcomments&post=9605"}],"version-history":[{"count":6,"href":"https:\/\/www.friedenkoeln.de\/index.php?rest_route=\/wp\/v2\/posts\/9605\/revisions"}],"predecessor-version":[{"id":9612,"href":"https:\/\/www.friedenkoeln.de\/index.php?rest_route=\/wp\/v2\/posts\/9605\/revisions\/9612"}],"wp:attachment":[{"href":"https:\/\/www.friedenkoeln.de\/index.php?rest_route=%2Fwp%2Fv2%2Fmedia&parent=9605"}],"wp:term":[{"taxonomy":"category","embeddable":true,"href":"https:\/\/www.friedenkoeln.de\/index.php?rest_route=%2Fwp%2Fv2%2Fcategories&post=9605"},{"taxonomy":"post_tag","embeddable":true,"href":"https:\/\/www.friedenkoeln.de\/index.php?rest_route=%2Fwp%2Fv2%2Ftags&post=9605"}],"curies":[{"name":"wp","href":"https:\/\/api.w.org\/{rel}","templated":true}]}}