{"id":9615,"date":"2016-07-02T17:16:52","date_gmt":"2016-07-02T15:16:52","guid":{"rendered":"http:\/\/www.friedenkoeln.de\/?p=9615"},"modified":"2016-07-04T23:27:44","modified_gmt":"2016-07-04T21:27:44","slug":"8-juli-friedensfahne-auf-dem-alter-markt-hinter-dem-rathaus","status":"publish","type":"post","link":"https:\/\/www.friedenkoeln.de\/?p=9615","title":{"rendered":"8. Juli: Friedensfahne auf dem Alter Markt hinter dem Rathaus"},"content":{"rendered":"<p><span style=\"font-family: Arial,serif;\"><span style=\"font-size: small;\">Am 8. Juli 2016 wird <\/span><\/span><span style=\"font-family: Arial,serif;\"><span style=\"font-size: small;\">zum ersten Mal die Friedensfahne auf dem Alter Markt hinter dem Rathaus wehen.<\/span><\/span><span style=\"font-family: Arial,serif;\"><span style=\"font-size: small;\"> Mit dem Hissen der Flagge des weltweiten B\u00fcndnisses der Mayors for Peace appellier<\/span><\/span><span style=\"font-family: Arial,serif;\"><span style=\"font-size: small;\">t<\/span><\/span><span style=\"font-family: Arial,serif;\"><span style=\"font-size: small;\"> die <\/span><\/span><span style=\"font-family: Arial,serif;\"><span style=\"font-size: small;\">K\u00f6lner <\/span><\/span><span style=\"font-family: Arial,serif;\"><span style=\"font-size: small;\">Oberb<\/span><\/span><span style=\"font-family: Arial,serif;\"><span style=\"font-size: small;\">\u00fcrgermeister<\/span><\/span><span style=\"font-family: Arial,serif;\"><span style=\"font-size: small;\">in<\/span><\/span><span style=\"font-family: Arial,serif;\"><span style=\"font-size: small;\"> an die Staaten der Welt, Atomwaffen endg\u00fcltig abzuschaffen.<\/span><\/span><span style=\"font-family: Arial,serif;\"><span style=\"font-size: small;\"> Nach einer aktuellen Forsa-Umfrage sprechen sich 93 % der Bundesb\u00fcrger f\u00fcr ein v\u00f6lkerrechtliches Verbot der Atomwaffen aus, weitere 85 % der befragten Erwachsenen bef\u00fcrworten zudem einen Abzug der auf deutschem Boden gelagerten Atomwaffen der USA. <\/span><\/span><\/p>\n<p><span style=\"font-family: Arial,serif;\"><span style=\"font-size: small;\">D<\/span><\/span><span style=\"font-family: Arial,serif;\"><span style=\"font-size: small;\">ie B\u00fcrgermeister f\u00fcr den Frieden, sind sehr besorgt, dass immer noch rund 16.000 Atomsprengk\u00f6pfe auf der Welt existieren. Einer Welt, die zunehmend von zahllosen gewaltt\u00e4tigen Konflikten, kriegerischen Auseinandersetzungen und Terrorismus gepr\u00e4gt ist. Einer Welt, die aus den Fugen zu geraten scheint. Vor dem Hintergrund der geplanten Stationierung neuer, technisch aufger\u00fcsteter Atomwaffen in Europa, <\/span><\/span><span style=\"font-family: Arial,serif;\"><span style=\"font-size: small;\">darunter nur 115 km <\/span><\/span><span style=\"font-family: Arial,serif;\"><span style=\"font-size: small;\">vom K\u00f6lner Rathaus <\/span><\/span><span style=\"font-family: Arial,serif;\"><span style=\"font-size: small;\">entfernt in B\u00fcchel\/Eifel,<\/span><\/span><span style=\"font-family: Arial,serif;\"><span style=\"font-size: small;\"> ist es daher umso wichtiger, am heutigen Flaggentag auf das Ziel einer atomwaffenfreien Welt hinzuweisen. <\/span><\/span><\/p>\n<p>&nbsp;<\/p>\n<p><a href=\"http:\/\/www.friedenkoeln.de\/wp-content\/uploads\/2016\/07\/Flaggentag7.jpg\" data-id=\"9616\" data-rel=\"lightbox-image-0\" data-rl_title=\"\" data-rl_caption=\"\" title=\"\"><img loading=\"lazy\" decoding=\"async\" class=\"alignnone size-medium wp-image-9616\" src=\"http:\/\/www.friedenkoeln.de\/wp-content\/uploads\/2016\/07\/Flaggentag7-320x190.jpg\" alt=\"Flaggentag7\" width=\"320\" height=\"190\" \/><\/a><\/p>\n<h6>\u00a0\u00a0\u00a0\u00a0\u00a0 Flaggentag 2015, nach dem Empfang im Rathaus<\/h6>\n<p>&nbsp;<\/p>\n<p><a name=\"_GoBack\"><\/a> <span style=\"font-family: Arial,serif;\"><span style=\"font-size: small;\">200 St\u00e4dte nehmen in diesem Jahr an der deutschlandweiten Aktion teil. Sie erinnert an ein Rechtsgutachten des<\/span><\/span><span style=\"font-family: Arial,serif;\"><span style=\"font-size: small;\"> Internationalen Gerichtshofs in Den Haag \u2013 das Hauptrechtssprechungsorgan der Vereinten Nationen \u2013 vom 8. Juli 1996. Darin hei\u00dft es, <\/span><\/span><span style=\"font-family: Arial,serif;\"><span style=\"font-size: small;\">dass die Androhung und der Einsatz von Atomwaffen generell mit den Regeln des humanit\u00e4ren Kriegsv\u00f6lkerrechts unvereinbar sind. Das Gutachten ist zwar nicht bindend, aber dennoch von gro\u00dfer Bedeutung: die Staaten der Weltgemeinschaft werden an ihre \u201ev\u00f6lkerrechtliche Verpflichtung\u201c gemahnt, ernsthafte Verhandlungen zur Beseitigung von Kernwaffen aufzunehmen. <\/span><\/span><\/p>\n<p><span style=\"font-family: Arial,serif;\"><span style=\"font-size: small;\">Zurzeit finden Gespr\u00e4che \u00fcber nukleare Abr\u00fcstungsschritte im Rahmen einer neu eingerichteten Arbeitsgruppe der UN (Open-Ended Working-Group) statt. Sie trat im Januar in Genf erstmalig zusammen, weitere Termine fanden im Februar und im Mai statt, f\u00fcr August ist eine erneute Sitzung vorgesehen. Die Arbeitsgruppe soll sich mit konkreten rechtlichen Ma\u00dfnahmen, Verfahren und Normen befassen, um dem Ziel einer atomwaffenfreien Welt n\u00e4her zu kommen. Gegen die Einsetzung dieser Arbeitsgruppe votierten die drei Nato-Atomwaffenstaaten Frankreich, Gro\u00dfbritannien und USA wie auch fast alle mitteleurop\u00e4ischen Verb\u00fcndeten. Deutschland und weitere Nato-Mitglieder enthielten sich. Deutschland wird sich dennoch an der Arbeitsgruppe beteiligen. Am Ende der Gespr\u00e4che wird eine Zusammenfassung und Empfehlungen an die UN-Generalversammlung erwartet. So soll der Weg f\u00fcr eine weitere UN-Resolution im Dezember geebnet werden, mit dem Ziel eine Konferenz f\u00fcr die tats\u00e4chlichen Vertragsverhandlungen anzusetzen.<\/span><\/span><\/p>\n<p><span style=\"font-family: Arial,serif;\"><span style=\"font-size: small;\">Mayors for Peace nimmt als einer der ausgew\u00e4hlten Vertreter der Zivilgesellschaft an der Arbeitsgruppe teil <\/span><\/span><span style=\"font-family: Arial,serif;\"><span style=\"font-size: small;\">und<\/span><\/span><span style=\"color: #00000a;\"><span style=\"font-family: Arial,serif;\"><span style=\"font-size: small;\"> appellier<\/span><\/span><\/span><span style=\"color: #00000a;\"><span style=\"font-family: Arial,serif;\"><span style=\"font-size: small;\">t<\/span><\/span><\/span><span style=\"color: #00000a;\"><span style=\"font-family: Arial,serif;\"><span style=\"font-size: small;\"> zugleich an die Regierungen der Welt, sich aktiv und ernsthaft an den OEWG Gespr\u00e4chen zu beteiligen <\/span><\/span><\/span><span style=\"color: #00000a;\"><span style=\"font-family: Arial,serif;\"><span style=\"font-size: small;\">mit dem Ziel,<\/span><\/span><\/span><span style=\"color: #00000a;\"><span style=\"font-family: Arial,serif;\"><span style=\"font-size: small;\"> das Jahr 2016 zu einem Jahr mit bedeutenden Fortschritten in der weltweiten nuklearen Abr\u00fcstung machen.<\/span><\/span><\/span><\/p>\n<p><span style=\"font-family: Calibri,sans-serif;\"><span style=\"font-size: small;\"><strong><u>Zeit:<\/u><\/strong> Freitag, 8. 7. 2016, ab 11.00 Uhr<\/span><\/span><\/p>\n<p><span style=\"font-family: Calibri,sans-serif;\"><span style=\"font-size: small;\"><strong><u>Ort:<\/u><\/strong> K\u00f6ln, Alter Markt <\/span><\/span><\/p>\n<p><span style=\"font-family: Calibri,sans-serif;\"><span style=\"font-size: small;\"><strong>Reden:<\/strong> Bezirksb\u00fcrgermeister Andreas Hupke<\/span><\/span><\/p>\n<p><span style=\"font-family: Calibri,sans-serif;\"><span style=\"font-size: small;\">\u00a0\u00a0\u00a0\u00a0\u00a0\u00a0\u00a0\u00a0\u00a0\u00a0\u00a0\u00a0\u00a0 Wolfgang Uellenberg van Dawen<\/span><\/span><\/p>\n<p><span style=\"font-family: Calibri,sans-serif;\"><span style=\"font-size: small;\"><strong>Musik:<\/strong> Blue Flower<br \/>\n<\/span><\/span><\/p>\n<p><strong><span style=\"color: #000000;\"><span style=\"font-family: Times New Roman,serif;\"><span style=\"font-size: small;\"><u><span style=\"color: #00000a;\"><span style=\"font-family: Arial,serif;\">Weitere Informationen: <\/span><\/span><\/u><\/span><\/span><\/span><\/strong><\/p>\n<p><span style=\"color: #000000;\"><span style=\"font-family: Times New Roman,serif;\"><span style=\"font-size: medium;\"><a href=\"http:\/\/www.mayorsforpeace.de\/\"><span style=\"color: #00000a;\"><span style=\"font-family: Arial,serif;\"><span style=\"font-size: small;\">www.mayorsforpeace.de<\/span><\/span><\/span><\/a><\/span><\/span><\/span><\/p>\n<p><a href=\"http:\/\/www.atomwaffenfrei.de\/\"><span style=\"color: #000000;\"><span style=\"font-family: Times New Roman,serif;\"><span style=\"font-size: small;\"><span style=\"color: #00000a;\"><span style=\"font-family: Arial,serif;\">www.atomwaffenfrei.d<\/span><\/span><span style=\"color: #00000a;\"><span style=\"font-family: Arial,serif;\">e<\/span><\/span><\/span><\/span><\/span><\/a><\/p>\n","protected":false},"excerpt":{"rendered":"<p>Am 8. Juli 2016 wird zum ersten Mal die Friedensfahne auf dem Alter Markt hinter dem Rathaus wehen. Mit dem Hissen der Flagge des weltweiten B\u00fcndnisses der Mayors for Peace appelliert die K\u00f6lner Oberb\u00fcrgermeisterin&#46;&#46;&#46;<\/p>\n","protected":false},"author":110,"featured_media":9616,"comment_status":"open","ping_status":"open","sticky":false,"template":"","format":"standard","meta":{"footnotes":""},"categories":[2],"tags":[42,33,61],"class_list":["post-9615","post","type-post","status-publish","format-standard","has-post-thumbnail","hentry","category-aktionen","tag-abruestung","tag-atomwaffen","tag-kommunale-friedensarbeit"],"_links":{"self":[{"href":"https:\/\/www.friedenkoeln.de\/index.php?rest_route=\/wp\/v2\/posts\/9615","targetHints":{"allow":["GET"]}}],"collection":[{"href":"https:\/\/www.friedenkoeln.de\/index.php?rest_route=\/wp\/v2\/posts"}],"about":[{"href":"https:\/\/www.friedenkoeln.de\/index.php?rest_route=\/wp\/v2\/types\/post"}],"author":[{"embeddable":true,"href":"https:\/\/www.friedenkoeln.de\/index.php?rest_route=\/wp\/v2\/users\/110"}],"replies":[{"embeddable":true,"href":"https:\/\/www.friedenkoeln.de\/index.php?rest_route=%2Fwp%2Fv2%2Fcomments&post=9615"}],"version-history":[{"count":5,"href":"https:\/\/www.friedenkoeln.de\/index.php?rest_route=\/wp\/v2\/posts\/9615\/revisions"}],"predecessor-version":[{"id":9627,"href":"https:\/\/www.friedenkoeln.de\/index.php?rest_route=\/wp\/v2\/posts\/9615\/revisions\/9627"}],"wp:featuredmedia":[{"embeddable":true,"href":"https:\/\/www.friedenkoeln.de\/index.php?rest_route=\/wp\/v2\/media\/9616"}],"wp:attachment":[{"href":"https:\/\/www.friedenkoeln.de\/index.php?rest_route=%2Fwp%2Fv2%2Fmedia&parent=9615"}],"wp:term":[{"taxonomy":"category","embeddable":true,"href":"https:\/\/www.friedenkoeln.de\/index.php?rest_route=%2Fwp%2Fv2%2Fcategories&post=9615"},{"taxonomy":"post_tag","embeddable":true,"href":"https:\/\/www.friedenkoeln.de\/index.php?rest_route=%2Fwp%2Fv2%2Ftags&post=9615"}],"curies":[{"name":"wp","href":"https:\/\/api.w.org\/{rel}","templated":true}]}}