{"id":9631,"date":"2016-07-09T01:02:24","date_gmt":"2016-07-08T23:02:24","guid":{"rendered":"http:\/\/www.friedenkoeln.de\/?p=9631"},"modified":"2016-07-29T22:44:54","modified_gmt":"2016-07-29T20:44:54","slug":"friedensfahne-auf-dem-alter-markt","status":"publish","type":"post","link":"https:\/\/www.friedenkoeln.de\/?p=9631","title":{"rendered":"Friedensfahne auf dem Alter Markt"},"content":{"rendered":"<p><a name=\"_GoBack\"><\/a> <span style=\"font-family: Liberation Serif,serif;\"><span style=\"font-size: medium;\">Am 8. 7. 2016 wurde auf dem Alter Markt am K\u00f6lner Rathaus die Friedensfahne der \u201eMayors for Peace\u201c gehisst. Damit wurde f\u00fcr die weltweite Abschaffung aller Atomwaffen geworben und an ein Rechtsgutachten des Internationalen Gerichtshofs in Den Haag vom 8. Juli 1996 erinnert. Darin hei\u00dft es, dass die Androhung und der Einsatz von Atomwaffen generell mit den Regeln des humanit\u00e4ren Kriegsv\u00f6lkerrechts unvereinbar sind.<\/span><\/span><\/p>\n<p><span style=\"font-family: Liberation Serif,serif;\"><span style=\"font-size: medium;\">Bezirksb\u00fcrgermeister Andreas Hupke und Wolfgang Uellenberg van Dawen \u2013 der ehemalige K\u00f6lner DGB-Vorsitzende \u2013 stellten in ihren Reden die Bez\u00fcge zum Beschlu\u00df des K\u00f6lner Stadtrates von 1984 \u201eK\u00f6ln atomwaffenfreie Zone\u201c und den aktuellen politischen Entwicklungen her, insbesondere den f\u00fcr den Frieden bedrohlichen Spannungen zwischen der NATO und Ru\u00dfland.<\/span><\/span><\/p>\n<p><span style=\"font-family: Liberation Serif,serif;\"><span style=\"font-size: medium;\">Die S\u00e4ngerin \u201eBlue Flower\u201c f\u00fcgte in ihrem Liedbeitrag die Idee einer umfassend friedlichen Welt hinzu.<\/span><\/span><\/p>\n<p><span style=\"font-family: Liberation Serif,serif;\"><span style=\"font-size: medium;\">An ihrem Informationstisch zum Thema informierten K\u00f6lner Friedensgruppen \u00fcber die geplanten Aktionen zum Jahrestag des Abwurfs der Hiroshima-Bombe am 6. 8. und \u00fcber die Aktion \u201eB\u00fcchel ist \u00fcberall \u2013 atomwaffenfrei jetzt!\u201c<\/span><\/span><\/p>\n<p><span style=\"font-family: Liberation Serif,serif;\"><span style=\"font-size: medium;\">Die Rede von Dr. Wolfgang Uellenberg van Dawen kann <a href=\"http:\/\/www.friedenkoeln.de\/wp-content\/uploads\/2016\/07\/Rede-Friedensfahne-Uelleberg-2016.docx\">hier<\/a> nachgelesen werden. Die Rede kann angeh\u00f6rt werden und weitere Bilder des Ereignisses sind zu finden unter <a href=\"https:\/\/www.r-mediabase.eu\/index.php?view=category&amp;catid=827&amp;option=com_joomgallery&amp;Itemid=519\">https:\/\/www.r-mediabase.eu\/index.php?view=category&amp;catid=827&amp;option=com_joomgallery&amp;Itemid=519<\/a><\/span><\/span><\/p>\n<p>Klaus M\u00fcller hat eine sch\u00f6ne Fotogalerie und Animationen erstellt:<\/p>\n<p>Foto-Galerie: <a href=\"https:\/\/goo.gl\/photos\/8mjzt22sfiy3KpcZ6\" target=\"_blank\">https:\/\/goo.gl\/photos\/8mjzt22sfiy3KpcZ6<\/a><\/p>\n<p>Foto-Animationen: <a href=\"https:\/\/goo.gl\/photos\/7yC7aXrwCR9oMANv5\" target=\"_blank\">https:\/\/goo.gl\/photos\/7yC7aXrwCR9oMANv5<\/a><\/p>\n<p><span style=\"text-decoration: underline;\">Weitere Informationen: <a href=\"http:\/\/www.mayorsforpeace.de\/\">http:\/\/www.mayorsforpeace.de\/,\u00a0<\/a><\/span><a href=\"http:\/\/www.atomwaffenfrei.de\/\"><span style=\"text-decoration: underline;\"> http:\/\/www.atomwaffenfrei.de\/<\/span><\/a><\/p>\n<p align=\"right\"><span style=\"font-family: Liberation Serif,serif;\"><span style=\"font-size: medium;\">Harald Fuchs<\/span><\/span><\/p>\n<p align=\"right\"><a href=\"http:\/\/www.friedenkoeln.de\/wp-content\/uploads\/2016\/07\/Flaggentag-16-b-perschke.jpg\" data-rel=\"lightbox-image-0\" data-rl_title=\"\" data-rl_caption=\"\" title=\"\"><img loading=\"lazy\" decoding=\"async\" class=\"alignnone size-medium wp-image-9634\" src=\"http:\/\/www.friedenkoeln.de\/wp-content\/uploads\/2016\/07\/Flaggentag-16-b-perschke.jpg\" alt=\"Flaggentag 16 b perschke\" width=\"1\" height=\"1\" \/><\/a><\/p>\n<p align=\"right\">Foto: Hubert Perschke<\/p>\n<p align=\"right\">\n","protected":false},"excerpt":{"rendered":"<p>Am 8. 7. 2016 wurde auf dem Alter Markt am K\u00f6lner Rathaus die Friedensfahne der \u201eMayors for Peace\u201c gehisst. Damit wurde f\u00fcr die weltweite Abschaffung aller Atomwaffen geworben und an ein Rechtsgutachten des Internationalen&#46;&#46;&#46;<\/p>\n","protected":false},"author":110,"featured_media":9632,"comment_status":"open","ping_status":"open","sticky":false,"template":"","format":"standard","meta":{"footnotes":""},"categories":[2],"tags":[42,33,61],"class_list":["post-9631","post","type-post","status-publish","format-standard","has-post-thumbnail","hentry","category-aktionen","tag-abruestung","tag-atomwaffen","tag-kommunale-friedensarbeit"],"_links":{"self":[{"href":"https:\/\/www.friedenkoeln.de\/index.php?rest_route=\/wp\/v2\/posts\/9631","targetHints":{"allow":["GET"]}}],"collection":[{"href":"https:\/\/www.friedenkoeln.de\/index.php?rest_route=\/wp\/v2\/posts"}],"about":[{"href":"https:\/\/www.friedenkoeln.de\/index.php?rest_route=\/wp\/v2\/types\/post"}],"author":[{"embeddable":true,"href":"https:\/\/www.friedenkoeln.de\/index.php?rest_route=\/wp\/v2\/users\/110"}],"replies":[{"embeddable":true,"href":"https:\/\/www.friedenkoeln.de\/index.php?rest_route=%2Fwp%2Fv2%2Fcomments&post=9631"}],"version-history":[{"count":7,"href":"https:\/\/www.friedenkoeln.de\/index.php?rest_route=\/wp\/v2\/posts\/9631\/revisions"}],"predecessor-version":[{"id":9720,"href":"https:\/\/www.friedenkoeln.de\/index.php?rest_route=\/wp\/v2\/posts\/9631\/revisions\/9720"}],"wp:featuredmedia":[{"embeddable":true,"href":"https:\/\/www.friedenkoeln.de\/index.php?rest_route=\/wp\/v2\/media\/9632"}],"wp:attachment":[{"href":"https:\/\/www.friedenkoeln.de\/index.php?rest_route=%2Fwp%2Fv2%2Fmedia&parent=9631"}],"wp:term":[{"taxonomy":"category","embeddable":true,"href":"https:\/\/www.friedenkoeln.de\/index.php?rest_route=%2Fwp%2Fv2%2Fcategories&post=9631"},{"taxonomy":"post_tag","embeddable":true,"href":"https:\/\/www.friedenkoeln.de\/index.php?rest_route=%2Fwp%2Fv2%2Ftags&post=9631"}],"curies":[{"name":"wp","href":"https:\/\/api.w.org\/{rel}","templated":true}]}}