{"id":9658,"date":"2016-07-21T21:05:07","date_gmt":"2016-07-21T19:05:07","guid":{"rendered":"http:\/\/www.friedenkoeln.de\/?p=9658"},"modified":"2016-07-22T16:00:03","modified_gmt":"2016-07-22T14:00:03","slug":"vortrag-not-a-game-bundeswehr-auf-der-gamescom","status":"publish","type":"post","link":"https:\/\/www.friedenkoeln.de\/?p=9658","title":{"rendered":"Vortrag: Not A Game! Bundeswehr auf der gamescom"},"content":{"rendered":"<p>Am Freitag, den 19. August 2016, spricht\u00a0der Politikwissenschaftler, Journalist und Buchautor\u00a0<a href=\"http:\/\/michi.blogsport.de\">Michael Schulze von Gla\u00dfer<\/a> in der Universit\u00e4t zu K\u00f6ln \u00fcber\u00a0\u201eDas virtuelle Schlachtfeld &#8211; Videospiele, Milit\u00e4r und R\u00fcstungsindustrie*.\u00a0<!--more--><\/p>\n<p>Das Thema ist brandaktuell, denn die\u00a0Bundeswehr wird vom 17. bis 21. August mit einem <a href=\"http:\/\/www.gamescom.de\/gamescom\/ausstellersuche\/index.php?fw_goto=aussteller\/details&amp;&amp;kid=0011708713&amp;values=%7B%22stichwort%22%3A%22bundeswehr%22%2C%22start%22%3A0%7D\">Stand<\/a> auf der Gamescom in K\u00f6ln versuchen, &#8222;IT-Soldaten&#8220; f\u00fcr ihre <a href=\"http:\/\/www.imi-online.de\/2016\/04\/28\/nerd-offensive-der-cyberspace-als-militaerischer-operationsraum\/\">neue Cyber-Truppe<\/a> zu rekrutieren. Dazu bot\u00a0die Bundeswehr auch schon in den letzten Jahren Kindern und Jugendlichen die Teilnahme an Strategiespielen an.<\/p>\n<p><a href=\"http:\/\/www.friedenkoeln.de\/wp-content\/uploads\/2016\/07\/Logo_Not-A-Game_20160710.jpg\" data-rel=\"lightbox-image-0\" data-rl_title=\"\" data-rl_caption=\"\" title=\"\"><img loading=\"lazy\" decoding=\"async\" class=\"size-medium wp-image-9660 alignleft\" src=\"http:\/\/www.friedenkoeln.de\/wp-content\/uploads\/2016\/07\/Logo_Not-A-Game_20160710-320x190.jpg\" alt=\"Logo_Not A Game_Tarnfleck_20160710\" width=\"320\" height=\"190\" \/><\/a>Michael Schulze von Gla\u00dfer betreibt den YouTube-Kanal &#8222;<a href=\"https:\/\/www.youtube.com\/user\/gamesandpolitics\/featured\">Games\u00a0`n\u00a0Politics<\/a>\u201c. Er ist\u00a0im Beirat der <a href=\"http:\/\/www.imi-online.de\">Informationsstelle Militarisierung e.V. (IMI)<\/a> und\u00a0ver\u00f6ffentlichte \u00a0B\u00fccher \u00fcber die \u00d6ffentlichkeitsarbeit\u00a0und Nachwuchswerbung der Bundeswehr.\u00a0Zur Zeit arbeitet er als stellvertretender politische Gesch\u00e4ftsf\u00fchrer der DFG-VK.<\/p>\n<p>Freitag 19.8.2016, 19:00 Uhr<\/p>\n<p>Universit\u00e4t zu K\u00f6ln, H\u00f6rsaal G , H\u00f6rsaalgeb\u00e4ude 1. Etage<\/p>\n<p>#NotAGame<\/p>\n<p>Veranstalter: Antimilitaristisches Aktionsb\u00fcndnis K\u00f6ln<\/p>\n","protected":false},"excerpt":{"rendered":"<p>Am Freitag, den 19. August 2016, spricht\u00a0der Politikwissenschaftler, Journalist und Buchautor\u00a0Michael Schulze von Gla\u00dfer in der Universit\u00e4t zu K\u00f6ln \u00fcber\u00a0\u201eDas virtuelle Schlachtfeld &#8211; Videospiele, Milit\u00e4r und R\u00fcstungsindustrie*.\u00a0<\/p>\n","protected":false},"author":110,"featured_media":9659,"comment_status":"open","ping_status":"open","sticky":false,"template":"","format":"standard","meta":{"footnotes":""},"categories":[2],"tags":[48,38,63,65],"class_list":["post-9658","post","type-post","status-publish","format-standard","has-post-thumbnail","hentry","category-aktionen","tag-bundeswehr","tag-bundeswehr-und-schule","tag-informatik","tag-schule"],"_links":{"self":[{"href":"https:\/\/www.friedenkoeln.de\/index.php?rest_route=\/wp\/v2\/posts\/9658","targetHints":{"allow":["GET"]}}],"collection":[{"href":"https:\/\/www.friedenkoeln.de\/index.php?rest_route=\/wp\/v2\/posts"}],"about":[{"href":"https:\/\/www.friedenkoeln.de\/index.php?rest_route=\/wp\/v2\/types\/post"}],"author":[{"embeddable":true,"href":"https:\/\/www.friedenkoeln.de\/index.php?rest_route=\/wp\/v2\/users\/110"}],"replies":[{"embeddable":true,"href":"https:\/\/www.friedenkoeln.de\/index.php?rest_route=%2Fwp%2Fv2%2Fcomments&post=9658"}],"version-history":[{"count":7,"href":"https:\/\/www.friedenkoeln.de\/index.php?rest_route=\/wp\/v2\/posts\/9658\/revisions"}],"predecessor-version":[{"id":9669,"href":"https:\/\/www.friedenkoeln.de\/index.php?rest_route=\/wp\/v2\/posts\/9658\/revisions\/9669"}],"wp:featuredmedia":[{"embeddable":true,"href":"https:\/\/www.friedenkoeln.de\/index.php?rest_route=\/wp\/v2\/media\/9659"}],"wp:attachment":[{"href":"https:\/\/www.friedenkoeln.de\/index.php?rest_route=%2Fwp%2Fv2%2Fmedia&parent=9658"}],"wp:term":[{"taxonomy":"category","embeddable":true,"href":"https:\/\/www.friedenkoeln.de\/index.php?rest_route=%2Fwp%2Fv2%2Fcategories&post=9658"},{"taxonomy":"post_tag","embeddable":true,"href":"https:\/\/www.friedenkoeln.de\/index.php?rest_route=%2Fwp%2Fv2%2Ftags&post=9658"}],"curies":[{"name":"wp","href":"https:\/\/api.w.org\/{rel}","templated":true}]}}