{"id":9671,"date":"2016-07-24T23:22:59","date_gmt":"2016-07-24T21:22:59","guid":{"rendered":"http:\/\/www.friedenkoeln.de\/?p=9671"},"modified":"2016-07-24T23:25:45","modified_gmt":"2016-07-24T21:25:45","slug":"keine-deutsche-kriegsbeteiligung-in-syrien-nur-frieden-schafft-frieden","status":"publish","type":"post","link":"https:\/\/www.friedenkoeln.de\/?p=9671","title":{"rendered":"Keine deutsche Kriegsbeteiligung in Syrien \u2013 nur Frieden schafft Frieden!"},"content":{"rendered":"<pre>Das Studierendenparlament der Universit\u00e4t zu K\u00f6ln lehnt die von der\r\ngro\u00dfen Koalition beschlossene Beteiligung am milit\u00e4rischen Einsatz in\r\nSyrien entschieden ab. Der von George W. Bush 2001 ausgerufene \u201eKrieg\r\ngegen den Terror\u201c hat nicht zu einer Verminderung des Terrorismus,\r\nsondern zu einer Steigerung von Hass und religi\u00f6sem Fanatismus gef\u00fchrt\r\nund dadurch den Terror befeuert. Solidarisch zeigt sich das\r\nStudierendenparlament mit allen Kr\u00e4ften,\r\ndie sich in Syrien, Frankreich und anderswo gegen die Eskalation der\r\nGewalt einsetzen und mit Herz und Verstand f\u00fcr deren \u00dcberwindung\r\nwirken, indem sie auf Humanit\u00e4t, Zivilisierung und Verst\u00e4ndigung\r\nsetzen und f\u00fcr die Verbesserung der Lebensbedingungen wirken. Dagegen\r\nkann die geplante Gewalteskalation nur den Warlords, Kriminellen,\r\nS\u00f6ldnern und Fanatikern n\u00fctzen, die den sogenannten\r\n\u201eIslamischen Staat\u201c bilden. Krieg bringt keinen Frieden\r\n\r\nMehr als ein Million Tote des \u201eKriegs gegen den Terror\u201c, massenhaft\r\nverwundete Menschen und Traumatisierte auf beiden Seiten sind das\r\nVerbrechen, das zu allererst beendet werden muss, um den Terror den\r\nideologischen N\u00e4hrboden zu entziehen. Au\u00dferdem muss der sogenannte IS\r\nfinanziell und durch den\r\nWarenaustausch jeder Art (Waffen, \u00d6l etc.) ausgetrocknet werden,\r\nBewegungen von K\u00e4mpfern \u00fcber die Anrainerstaaten m\u00fcssen unterbunden\r\nwerden. Statt Milliarden f\u00fcr R\u00fcstung, Krieg und \"Fl\u00fcchtlingsabwehr\"\r\nauszugeben soll das \u201egesparte\u201c Geld f\u00fcr den Wiederaufbau der\r\nzerst\u00f6rten L\u00e4nder, eine menschenw\u00fcrdige Aufnahme von Fl\u00fcchtlingen und\r\ndie Verbesserung der\r\nLebensbedingungen weltweit eingesetzt werden. Das\r\nStudierendenparlament spricht sich zudem gegen Embargo Ma\u00dfnahmen in\r\nder Region aus, da diese die Zivilbev\u00f6lkerung treffen.\r\n\r\n\r\nIhr findet den Beschluss auf der Seite des K\u00f6lner Studierendenparlaments:\r\n\r\n<a class=\"moz-txt-link-freetext\" href=\"http:\/\/www.stupa.uni-koeln.de\/download\/beschl%C3%BCsse\/beschluesse_2016_61._studierendenparlament\/Keine-deutsche-Kriegsbeteiligung-in-Syrien-.pdf\">http:\/\/www.stupa.uni-koeln.de\/download\/beschl%C3%BCsse\/beschluesse_2016_61._studierendenparlament\/Keine-deutsche-Kriegsbeteiligung-in-Syrien-.pdf<\/a>\r\n<\/pre>\n","protected":false},"excerpt":{"rendered":"<p>Das Studierendenparlament der Universit\u00e4t zu K\u00f6ln lehnt die von der gro\u00dfen Koalition beschlossene Beteiligung am milit\u00e4rischen Einsatz in Syrien entschieden ab. Der von George W. Bush 2001 ausgerufene \u201eKrieg gegen den Terror\u201c hat nicht&#46;&#46;&#46;<\/p>\n","protected":false},"author":110,"featured_media":0,"comment_status":"open","ping_status":"open","sticky":false,"template":"","format":"standard","meta":{"footnotes":""},"categories":[2],"tags":[42,48,47],"class_list":["post-9671","post","type-post","status-publish","format-standard","hentry","category-aktionen","tag-abruestung","tag-bundeswehr","tag-krieg-gegen-terror"],"_links":{"self":[{"href":"https:\/\/www.friedenkoeln.de\/index.php?rest_route=\/wp\/v2\/posts\/9671","targetHints":{"allow":["GET"]}}],"collection":[{"href":"https:\/\/www.friedenkoeln.de\/index.php?rest_route=\/wp\/v2\/posts"}],"about":[{"href":"https:\/\/www.friedenkoeln.de\/index.php?rest_route=\/wp\/v2\/types\/post"}],"author":[{"embeddable":true,"href":"https:\/\/www.friedenkoeln.de\/index.php?rest_route=\/wp\/v2\/users\/110"}],"replies":[{"embeddable":true,"href":"https:\/\/www.friedenkoeln.de\/index.php?rest_route=%2Fwp%2Fv2%2Fcomments&post=9671"}],"version-history":[{"count":1,"href":"https:\/\/www.friedenkoeln.de\/index.php?rest_route=\/wp\/v2\/posts\/9671\/revisions"}],"predecessor-version":[{"id":9672,"href":"https:\/\/www.friedenkoeln.de\/index.php?rest_route=\/wp\/v2\/posts\/9671\/revisions\/9672"}],"wp:attachment":[{"href":"https:\/\/www.friedenkoeln.de\/index.php?rest_route=%2Fwp%2Fv2%2Fmedia&parent=9671"}],"wp:term":[{"taxonomy":"category","embeddable":true,"href":"https:\/\/www.friedenkoeln.de\/index.php?rest_route=%2Fwp%2Fv2%2Fcategories&post=9671"},{"taxonomy":"post_tag","embeddable":true,"href":"https:\/\/www.friedenkoeln.de\/index.php?rest_route=%2Fwp%2Fv2%2Ftags&post=9671"}],"curies":[{"name":"wp","href":"https:\/\/api.w.org\/{rel}","templated":true}]}}