{"id":9698,"date":"2016-07-28T20:31:47","date_gmt":"2016-07-28T18:31:47","guid":{"rendered":"http:\/\/www.friedenkoeln.de\/?p=9698"},"modified":"2016-07-29T23:01:31","modified_gmt":"2016-07-29T21:01:31","slug":"kundgebungen-in-koeln-frieden-und-menschenrechte-fuer-die-tuerkei","status":"publish","type":"post","link":"https:\/\/www.friedenkoeln.de\/?p=9698","title":{"rendered":"Kundgebungen in K\u00f6ln: Frieden und Menschenrechte f\u00fcr die T\u00fcrkei!"},"content":{"rendered":"<p>Wir erkl\u00e4ren uns solidarisch mit allen\u00a0Pazifisten und Demokraten\u00a0in der T\u00fcrkei, deren Grundrechte\u00a0jetzt verletzt\u00a0werden. In diesem Zusammenhang weisen wir auf die <a href=\"http:\/\/ialana.de\/aktuell\/ialana-deutschland-zur-aktuellen-diskussion\/ialana-zu-konflikten-und-loesungen\/1623-ialana-deutschland-zu-den-ereignissen-in-der-tuerkei\">Stellungnahme<\/a> der IALANA vom 23.7.2016 hin.<\/p>\n<p>Wir rufen auf, sich an folgenden Kundgebungen in K\u00f6ln zu beteiligen:<\/p>\n<p>&nbsp;<\/p>\n<p><strong>Samstag, 30.7.2016, 17:00 Uhr, Rudolfplatz:<\/strong><\/p>\n<p>Mahnwache &#8222;Weder Putsch noch Ein-Mann-Diktatur!&#8220;<\/p>\n<p>Veranstalter: K\u00f6ln DIDF \/ VVN BdA K\u00f6ln \/ DFG-VK Gruppe K\u00f6ln<\/p>\n<p>&nbsp;<\/p>\n<p><strong>Sonntag, 31.7.2016, 14:00 Uhr, Heumarkt:<\/strong><\/p>\n<p>Kundgebung von Partei-Jugendorganisationen<\/p>\n<p>&nbsp;<\/p>\n<p><strong>Sonntag, 31.7.2016, 12:00 Uhr, ab Sachsenring:<\/strong><\/p>\n<p>Demo &#8222;Weder Putsch noch Diktatur. F\u00fcr Demokratie, Gleichheit, Freiheit und Solidarit\u00e4t hier und in der T\u00fcrkei&#8220;<\/p>\n<p>http:\/\/gegenrechts.koeln\/2016\/weder-putsch-noch-diktatur-unterstuetzen-wir-fuer-demokratie-gleichheit-freiheit-und-solidaritaet-hier-und-in-der-tuerkei\/<\/p>\n<p>Veranstalter: B\u00fcndnis K\u00f6ln gegen Rechts<\/p>\n<p>&nbsp;<\/p>\n<p>&nbsp;<\/p>\n<p>&nbsp;<\/p>\n<p>&nbsp;<\/p>\n","protected":false},"excerpt":{"rendered":"<p>Wir erkl\u00e4ren uns solidarisch mit allen\u00a0Pazifisten und Demokraten\u00a0in der T\u00fcrkei, deren Grundrechte\u00a0jetzt verletzt\u00a0werden. In diesem Zusammenhang weisen wir auf die Stellungnahme der IALANA vom 23.7.2016 hin. Wir rufen auf, sich an folgenden Kundgebungen in&#46;&#46;&#46;<\/p>\n","protected":false},"author":110,"featured_media":0,"comment_status":"open","ping_status":"open","sticky":false,"template":"","format":"standard","meta":{"footnotes":""},"categories":[2],"tags":[40,3,29],"class_list":["post-9698","post","type-post","status-publish","format-standard","hentry","category-aktionen","tag-demokratie","tag-pazifismus","tag-solidaritat"],"_links":{"self":[{"href":"https:\/\/www.friedenkoeln.de\/index.php?rest_route=\/wp\/v2\/posts\/9698","targetHints":{"allow":["GET"]}}],"collection":[{"href":"https:\/\/www.friedenkoeln.de\/index.php?rest_route=\/wp\/v2\/posts"}],"about":[{"href":"https:\/\/www.friedenkoeln.de\/index.php?rest_route=\/wp\/v2\/types\/post"}],"author":[{"embeddable":true,"href":"https:\/\/www.friedenkoeln.de\/index.php?rest_route=\/wp\/v2\/users\/110"}],"replies":[{"embeddable":true,"href":"https:\/\/www.friedenkoeln.de\/index.php?rest_route=%2Fwp%2Fv2%2Fcomments&post=9698"}],"version-history":[{"count":5,"href":"https:\/\/www.friedenkoeln.de\/index.php?rest_route=\/wp\/v2\/posts\/9698\/revisions"}],"predecessor-version":[{"id":9721,"href":"https:\/\/www.friedenkoeln.de\/index.php?rest_route=\/wp\/v2\/posts\/9698\/revisions\/9721"}],"wp:attachment":[{"href":"https:\/\/www.friedenkoeln.de\/index.php?rest_route=%2Fwp%2Fv2%2Fmedia&parent=9698"}],"wp:term":[{"taxonomy":"category","embeddable":true,"href":"https:\/\/www.friedenkoeln.de\/index.php?rest_route=%2Fwp%2Fv2%2Fcategories&post=9698"},{"taxonomy":"post_tag","embeddable":true,"href":"https:\/\/www.friedenkoeln.de\/index.php?rest_route=%2Fwp%2Fv2%2Ftags&post=9698"}],"curies":[{"name":"wp","href":"https:\/\/api.w.org\/{rel}","templated":true}]}}