{"id":9716,"date":"2016-08-01T07:00:36","date_gmt":"2016-08-01T05:00:36","guid":{"rendered":"http:\/\/www.friedenkoeln.de\/?p=9716"},"modified":"2016-07-29T17:07:53","modified_gmt":"2016-07-29T15:07:53","slug":"dfg-vk-nrw-laedt-zum-landeskongress-nach-duesseldorf-ein","status":"publish","type":"post","link":"https:\/\/www.friedenkoeln.de\/?p=9716","title":{"rendered":"DFG-VK NRW l\u00e4dt zum Landeskongress nach D\u00fcsseldorf ein"},"content":{"rendered":"<p>Am 24. und 25. September findet in D\u00fcsseldorf der Kongress des Landesverbands NRW der Deutschen Friedensgesellschaft &#8211; Vereinigte KriegsdienstgegnerInnen statt.<\/p>\n<p>Auch interessierte Nichtmitglieder\u00a0sind herzlich eingeladen, am Kongress teilzunehmen. Bitte setzen Sie sich bei Interesse rechtzeitig mit uns in Verbindung.\u00a0<a href=\"http:\/\/www.friedenkoeln.de\/wp-content\/uploads\/2016\/07\/DFG-VK-NRW_Landeskongress-Einladung-2016.pdf\">DFG-VK NRW_Landeskongress Einladung 2016<\/a>.<\/p>\n<p>&nbsp;<\/p>\n","protected":false},"excerpt":{"rendered":"<p>Am 24. und 25. September findet in D\u00fcsseldorf der Kongress des Landesverbands NRW der Deutschen Friedensgesellschaft &#8211; Vereinigte KriegsdienstgegnerInnen statt. Auch interessierte Nichtmitglieder\u00a0sind herzlich eingeladen, am Kongress teilzunehmen. Bitte setzen Sie sich bei Interesse&#46;&#46;&#46;<\/p>\n","protected":false},"author":110,"featured_media":0,"comment_status":"open","ping_status":"open","sticky":false,"template":"","format":"standard","meta":{"footnotes":""},"categories":[2],"tags":[32,31,3],"class_list":["post-9716","post","type-post","status-publish","format-standard","hentry","category-aktionen","tag-information-diskussion","tag-konferenzen","tag-pazifismus"],"_links":{"self":[{"href":"https:\/\/www.friedenkoeln.de\/index.php?rest_route=\/wp\/v2\/posts\/9716","targetHints":{"allow":["GET"]}}],"collection":[{"href":"https:\/\/www.friedenkoeln.de\/index.php?rest_route=\/wp\/v2\/posts"}],"about":[{"href":"https:\/\/www.friedenkoeln.de\/index.php?rest_route=\/wp\/v2\/types\/post"}],"author":[{"embeddable":true,"href":"https:\/\/www.friedenkoeln.de\/index.php?rest_route=\/wp\/v2\/users\/110"}],"replies":[{"embeddable":true,"href":"https:\/\/www.friedenkoeln.de\/index.php?rest_route=%2Fwp%2Fv2%2Fcomments&post=9716"}],"version-history":[{"count":2,"href":"https:\/\/www.friedenkoeln.de\/index.php?rest_route=\/wp\/v2\/posts\/9716\/revisions"}],"predecessor-version":[{"id":9719,"href":"https:\/\/www.friedenkoeln.de\/index.php?rest_route=\/wp\/v2\/posts\/9716\/revisions\/9719"}],"wp:attachment":[{"href":"https:\/\/www.friedenkoeln.de\/index.php?rest_route=%2Fwp%2Fv2%2Fmedia&parent=9716"}],"wp:term":[{"taxonomy":"category","embeddable":true,"href":"https:\/\/www.friedenkoeln.de\/index.php?rest_route=%2Fwp%2Fv2%2Fcategories&post=9716"},{"taxonomy":"post_tag","embeddable":true,"href":"https:\/\/www.friedenkoeln.de\/index.php?rest_route=%2Fwp%2Fv2%2Ftags&post=9716"}],"curies":[{"name":"wp","href":"https:\/\/api.w.org\/{rel}","templated":true}]}}