{"id":9732,"date":"2016-08-16T16:17:54","date_gmt":"2016-08-16T14:17:54","guid":{"rendered":"http:\/\/www.friedenkoeln.de\/?p=9732"},"modified":"2016-08-22T17:07:06","modified_gmt":"2016-08-22T15:07:06","slug":"aufruf-zum-antikriegstag","status":"publish","type":"post","link":"https:\/\/www.friedenkoeln.de\/?p=9732","title":{"rendered":"Aufruf zum Antikriegstag"},"content":{"rendered":"<p>Am 1.September, dem Anti-Kriegstag ruft das Antimilitaristische Aktions B\u00fcndnis K\u00f6ln zu einem Fahrrad-Flashmob auf. Die Demo soll ab 15 auf dem Bahnhofsvorplatz beginnen und dann \u00fcber die Ringe fahren. Bringt Fahrr\u00e4der, Musik (kleine Bluetooth boxen) und die Familie mit.<\/p>\n<p>Ca 3000 Bundeswehrsoldaten sind weltweit in 16 L\u00e4ndern im Einsatz. Der bundesdeutsche Waffenexport hat sich 2015 gegen\u00fcber 2014 verdoppelt. Die Bundesrepublik Deutschland ist global drittgr\u00f6\u00dfter Waffenexporteur. Sechzig Millionen Menschen sind weltweit auf der Flucht viele davon wegen Kriegen<\/p>\n<p>Die Bundesregierung diskutiert den Einsatz der Bundeswehr im Inland. Die Bundeswehr wirbt aggressiv an Schulen, auf Arbeits\u00e4mtern, bei Stra\u00dfenfesten, in Sportvereinen und auf Messen Nachwuchs f\u00fcrs kriegerische Handwerk.<\/p>\n<p>All dies zeigt, dass der Antikriegstag nach wie vor aktuell ist.<\/p>\n<p>Wir treffen uns mit unseren R\u00e4dern\u00a0am Donnerstag, dem 1. September um 15 Uhr auf dem Hauptbahnhofs-Vorplatz.<\/p>\n<p>Antimilitaristisches Aktionsb\u00fcndnis K\u00f6ln<\/p>\n","protected":false},"excerpt":{"rendered":"<p>Am 1.September, dem Anti-Kriegstag ruft das Antimilitaristische Aktions B\u00fcndnis K\u00f6ln zu einem Fahrrad-Flashmob auf. Die Demo soll ab 15 auf dem Bahnhofsvorplatz beginnen und dann \u00fcber die Ringe fahren. Bringt Fahrr\u00e4der, Musik (kleine Bluetooth&#46;&#46;&#46;<\/p>\n","protected":false},"author":110,"featured_media":0,"comment_status":"open","ping_status":"open","sticky":false,"template":"","format":"standard","meta":{"footnotes":""},"categories":[2],"tags":[42,48,38,28],"class_list":["post-9732","post","type-post","status-publish","format-standard","hentry","category-aktionen","tag-abruestung","tag-bundeswehr","tag-bundeswehr-und-schule","tag-fluchtlingen"],"_links":{"self":[{"href":"https:\/\/www.friedenkoeln.de\/index.php?rest_route=\/wp\/v2\/posts\/9732","targetHints":{"allow":["GET"]}}],"collection":[{"href":"https:\/\/www.friedenkoeln.de\/index.php?rest_route=\/wp\/v2\/posts"}],"about":[{"href":"https:\/\/www.friedenkoeln.de\/index.php?rest_route=\/wp\/v2\/types\/post"}],"author":[{"embeddable":true,"href":"https:\/\/www.friedenkoeln.de\/index.php?rest_route=\/wp\/v2\/users\/110"}],"replies":[{"embeddable":true,"href":"https:\/\/www.friedenkoeln.de\/index.php?rest_route=%2Fwp%2Fv2%2Fcomments&post=9732"}],"version-history":[{"count":4,"href":"https:\/\/www.friedenkoeln.de\/index.php?rest_route=\/wp\/v2\/posts\/9732\/revisions"}],"predecessor-version":[{"id":9793,"href":"https:\/\/www.friedenkoeln.de\/index.php?rest_route=\/wp\/v2\/posts\/9732\/revisions\/9793"}],"wp:attachment":[{"href":"https:\/\/www.friedenkoeln.de\/index.php?rest_route=%2Fwp%2Fv2%2Fmedia&parent=9732"}],"wp:term":[{"taxonomy":"category","embeddable":true,"href":"https:\/\/www.friedenkoeln.de\/index.php?rest_route=%2Fwp%2Fv2%2Fcategories&post=9732"},{"taxonomy":"post_tag","embeddable":true,"href":"https:\/\/www.friedenkoeln.de\/index.php?rest_route=%2Fwp%2Fv2%2Ftags&post=9732"}],"curies":[{"name":"wp","href":"https:\/\/api.w.org\/{rel}","templated":true}]}}