{"id":9739,"date":"2016-08-17T22:18:14","date_gmt":"2016-08-17T20:18:14","guid":{"rendered":"http:\/\/www.friedenkoeln.de\/?p=9739"},"modified":"2016-08-22T17:03:34","modified_gmt":"2016-08-22T15:03:34","slug":"19-29-8-klimacamp-im-rheinland","status":"publish","type":"post","link":"https:\/\/www.friedenkoeln.de\/?p=9739","title":{"rendered":"19. &#8211; 29. 8.: Klimacamp im Rheinland"},"content":{"rendered":"<p>Der Countdown l\u00e4uft und in wenigen Tagen startet das Klimacamp im\u00a0Rheinland<a class=\"moz-txt-link-rfc2396E\" href=\"http:\/\/www.klimacamp-im-rheinland.de\/\">&lt;http:\/\/www.klimacamp-im-rheinland.de\/&gt;<\/a>\u00a0 (19. &#8211; 29.08. 2016)<br \/>\nzusammen mit der Degrowth Sommerschule (19. &#8211; 23.08.2016)\u00a0<a class=\"moz-txt-link-rfc2396E\" href=\"http:\/\/www.degrowth.de\/de\/sommerschule-2016\/\">&lt;http:\/\/www.degrowth.de\/de\/sommerschule-2016\/&gt;<\/a>\u00a0 und dem Aktionslabor<br \/>\n<a class=\"moz-txt-link-rfc2396E\" href=\"https:\/\/aktionslaborrheinland.wordpress.com\/\">&lt;https:\/\/aktionslaborrheinland.wordpress.com\/&gt;<\/a>(24. &#8211; 29.08.2016) unter\u00a0dem Motto &#8222;Skills for System Change!&#8220;. Das Programm<br \/>\n<a class=\"moz-txt-link-rfc2396E\" href=\"https:\/\/programm2016.klimacamp-im-rheinland.de\/en\/klimacamp2016\/public\/schedule\">&lt;https:\/\/programm2016.klimacamp-im-rheinland.de\/en\/klimacamp2016\/public\/schedule&gt;<\/a>\u00a0ist\u00a0bunt, vielf\u00e4ltig und vielseitig!<!--more--><\/p>\n<p><a href=\"http:\/\/www.friedenkoeln.de\/wp-content\/uploads\/2016\/08\/KlimacampHeader2016neuv4.png\" data-rel=\"lightbox-image-0\" data-rl_title=\"\" data-rl_caption=\"\" title=\"\"><img loading=\"lazy\" decoding=\"async\" class=\"size-medium wp-image-9741 alignleft\" src=\"http:\/\/www.friedenkoeln.de\/wp-content\/uploads\/2016\/08\/KlimacampHeader2016neuv4-320x190.png\" alt=\"KlimacampHeader2016neuv4\" width=\"320\" height=\"190\" \/><\/a>Die letzten Vorbereitungen laufen auf Hochtouren und zugleich beginnt<br \/>\nbereits der Campaufbau. Gerne m\u00f6chten wir euch mit den neusten<br \/>\nInformationen versorgen und freuen uns \u00fcber \u00dcberst\u00fctzung in euren<br \/>\nNetzwerke, Verteilern, Facebook und vor Ort&#8230;:<\/p>\n<p>* Yuhu! Der *Camport *steht fest: Wie im letzten Jahr werden wir<br \/>\nunsere Zelte wieder in L\u00fctzerat aufschlagen: Genaue Infos zur<br \/>\nAnreise, findet ihr hier.<br \/>\n<a class=\"moz-txt-link-rfc2396E\" href=\"http:\/\/www.klimacamp-im-rheinland.de\/anreise\/anfahrt\/\">&lt;http:\/\/www.klimacamp-im-rheinland.de\/anreise\/anfahrt\/&gt;<\/a><br \/>\n* Zur Einstimmung haben einige Referent*innen uns *Gru\u00dfnachrichten<br \/>\n*zukommen lassen. Mehr findet ihr auf Facebook<\/p>\n<p><a class=\"moz-txt-link-rfc2396E\" href=\"https:\/\/www.facebook.com\/klimacamp.west\/photos\/pcb.1349698048391094\/1349695795057986\/?type=3&amp;theater\">&lt;https:\/\/www.facebook.com\/klimacamp.west\/photos\/pcb.1349698048391094\/1349695795057986\/?type=3&amp;theater&gt;<\/a>\u00a0 oder<br \/>\nbei vimeo.<a class=\"moz-txt-link-rfc2396E\" href=\"https:\/\/vimeo.com\/178043573\">&lt;https:\/\/vimeo.com\/178043573&gt;<\/a><br \/>\n* *Demonstration &amp; Stra\u00dfenfest am Samstag, 20.08.2016 ab 14:30 Uhr:*<br \/>\nZusammen mit lokalen B\u00fcndnispartner*innen wie BUND, das gelbe Band,<br \/>\nBuirer f\u00fcr Buir, Dorfinteressentsgemeinschaft Wanlo laden wir ganz<br \/>\nherzlich zur einer Demonstration und anschlie\u00dfenden Stra\u00dfenfest in<br \/>\nKeyenberg ein. Mehr Infos im Hier.<\/p>\n<p><a class=\"moz-txt-link-rfc2396E\" href=\"http:\/\/www.klimacamp-im-rheinland.de\/aktionen\/auftaktveranstaltung\/\">&lt;http:\/\/www.klimacamp-im-rheinland.de\/aktionen\/auftaktveranstaltung\/&gt;<\/a>\u00a0 Gerne<br \/>\nnochmal kr\u00e4ftig Werbung machen<br \/>\n* Wenn ihr Werbung f\u00fcr unsere Veranstaltung macht k\u00f6nnt ihr gerne das<br \/>\nWebbanner<\/p>\n<p><a class=\"moz-txt-link-rfc2396E\" href=\"http:\/\/www.klimacamp-im-rheinland.de\/mach-mit\/plakate-flyer-aufkleber-bestellen\/\">&lt;http:\/\/www.klimacamp-im-rheinland.de\/mach-mit\/plakate-flyer-aufkleber-bestellen\/&gt;<\/a>\u00a0 dazu<br \/>\nnutzen<br \/>\n* Verteilt alle restlichen rumliegenden Flyer &amp; Plakte, in der Woche<br \/>\ngehts los<\/p>\n<p>Voller gespannter Vorfreude und kommt zahlreich!<\/p>\n<p>Orgakreis des Klimacamps\/Sommerschule\/Aktionslaborlogo<\/p>\n<div class=\"moz-txt-sig\"><span class=\"moz-txt-tag\">&#8212;<br \/>\n<\/span><br \/>\n<a class=\"moz-txt-link-abbreviated\" href=\"http:\/\/www.ausgeCO2hlt.de\">www.ausgeCO2hlt.de<\/a><br \/>\n<a class=\"moz-txt-link-abbreviated\" href=\"mailto:info@ausgeCO2hlt.de\">info@ausgeCO2hlt.de<\/a><\/div>\n","protected":false},"excerpt":{"rendered":"<p>Der Countdown l\u00e4uft und in wenigen Tagen startet das Klimacamp im\u00a0Rheinland&lt;http:\/\/www.klimacamp-im-rheinland.de\/&gt;\u00a0 (19. &#8211; 29.08. 2016) zusammen mit der Degrowth Sommerschule (19. &#8211; 23.08.2016)\u00a0&lt;http:\/\/www.degrowth.de\/de\/sommerschule-2016\/&gt;\u00a0 und dem Aktionslabor &lt;https:\/\/aktionslaborrheinland.wordpress.com\/&gt;(24. &#8211; 29.08.2016) unter\u00a0dem Motto &#8222;Skills for System&#46;&#46;&#46;<\/p>\n","protected":false},"author":110,"featured_media":9741,"comment_status":"open","ping_status":"open","sticky":false,"template":"","format":"standard","meta":{"footnotes":""},"categories":[2],"tags":[63,36],"class_list":["post-9739","post","type-post","status-publish","format-standard","has-post-thumbnail","hentry","category-aktionen","tag-informatik","tag-oekologie-und-frieden"],"_links":{"self":[{"href":"https:\/\/www.friedenkoeln.de\/index.php?rest_route=\/wp\/v2\/posts\/9739","targetHints":{"allow":["GET"]}}],"collection":[{"href":"https:\/\/www.friedenkoeln.de\/index.php?rest_route=\/wp\/v2\/posts"}],"about":[{"href":"https:\/\/www.friedenkoeln.de\/index.php?rest_route=\/wp\/v2\/types\/post"}],"author":[{"embeddable":true,"href":"https:\/\/www.friedenkoeln.de\/index.php?rest_route=\/wp\/v2\/users\/110"}],"replies":[{"embeddable":true,"href":"https:\/\/www.friedenkoeln.de\/index.php?rest_route=%2Fwp%2Fv2%2Fcomments&post=9739"}],"version-history":[{"count":6,"href":"https:\/\/www.friedenkoeln.de\/index.php?rest_route=\/wp\/v2\/posts\/9739\/revisions"}],"predecessor-version":[{"id":9791,"href":"https:\/\/www.friedenkoeln.de\/index.php?rest_route=\/wp\/v2\/posts\/9739\/revisions\/9791"}],"wp:featuredmedia":[{"embeddable":true,"href":"https:\/\/www.friedenkoeln.de\/index.php?rest_route=\/wp\/v2\/media\/9741"}],"wp:attachment":[{"href":"https:\/\/www.friedenkoeln.de\/index.php?rest_route=%2Fwp%2Fv2%2Fmedia&parent=9739"}],"wp:term":[{"taxonomy":"category","embeddable":true,"href":"https:\/\/www.friedenkoeln.de\/index.php?rest_route=%2Fwp%2Fv2%2Fcategories&post=9739"},{"taxonomy":"post_tag","embeddable":true,"href":"https:\/\/www.friedenkoeln.de\/index.php?rest_route=%2Fwp%2Fv2%2Ftags&post=9739"}],"curies":[{"name":"wp","href":"https:\/\/api.w.org\/{rel}","templated":true}]}}