{"id":9747,"date":"2016-08-17T23:37:30","date_gmt":"2016-08-17T21:37:30","guid":{"rendered":"http:\/\/www.friedenkoeln.de\/?p=9747"},"modified":"2016-08-22T17:00:22","modified_gmt":"2016-08-22T15:00:22","slug":"das-virtuelle-schlachtfeld-videospiele-militaer-und-ruestungsindustrie","status":"publish","type":"post","link":"https:\/\/www.friedenkoeln.de\/?p=9747","title":{"rendered":"Das virtuelle Schlachtfeld &#8211; Videospiele, Milit\u00e4r und R\u00fcstungsindustrie"},"content":{"rendered":"<p>&nbsp;<\/p>\n<p>#NotAGame:\u00a0Die Bundeswehr und die gamescom-Veranstalter sind sich einig darin, Gesch\u00e4fte mit<br \/>\nder Abenteuerlust von Jugendlichen zu machen und sie f\u00fcr das Milit\u00e4r auf der\u00a0Spielemesse <!--more-->zu rekrutieren, <a href=\"http:\/\/www.friedenkoeln.de\/wp-content\/uploads\/2016\/08\/Not-a-Game.png\" data-rel=\"lightbox-image-0\" data-rl_title=\"\" data-rl_caption=\"\" title=\"\"><img loading=\"lazy\" decoding=\"async\" class=\"size-medium wp-image-9749 alignleft\" src=\"http:\/\/www.friedenkoeln.de\/wp-content\/uploads\/2016\/08\/Not-a-Game-320x190.png\" alt=\"Not a Game\" width=\"320\" height=\"190\" \/><\/a>um sie anschlie\u00dfend in einen realen Krieg zu schicken.\u00a0Dagegen protestieren wir bei der gamescom und laden Euch zu einer Vortrags- und\u00a0Diskussionsveranstaltung ein:<\/p>\n<h2>\u201eDas virtuelle Schlachtfeld &#8211; Videospiele, Milit\u00e4r und<br \/>\nR\u00fcstungsindustrie\u201c<\/h2>\n<h4>am Freitag, 19. August um 19 Uhr<br \/>\nin der Uni K\u00f6ln, H\u00f6rsaal G, Universit\u00e4tsstra\u00dfe, 1. Etage<\/h4>\n<p>Eine kritische differenzierte Betrachtung von Videospielen, sowie deren Bewertung<br \/>\nund Beurteilung durch den \u201eJugendschutz\u201c und aus antimilitaristischer Sicht.<br \/>\nMichael Schulze von Gla\u00dfer stellt die politischen Inhalte heutiger Kriegsspiele vor,<br \/>\nbeleuchtet Zahlen und Hintergr\u00fcnde, analysiert die Darstellungen von Feindbildern und<br \/>\nHeldentum und deckt die Verbindungen zwischen Milit\u00e4r, R\u00fcstungsindustrie und der<br \/>\nVideospielbranche auf.<br \/>\nEine Veranstaltung des Antimilitaristischen Aktionsb\u00fcndnis K\u00f6ln<br \/>\n*Michael Schulze von Gla\u00dfer ist Politikwissenschaftler, freier Journalist, Betreiber des<br \/>\nYouTube-Kanals \u201eGames`n`Politics\u201c und z. Zt. stellv. politischer Gesch\u00e4ftsf\u00fchrer der<br \/>\nDeutschen FriedensGesellschaft &#8211; Vereinigte Kriegsdienstgegner*innen. Von ihm<br \/>\nerscheint unter dem gleichen Titel der Veranstaltung das Buch im PapyRossa-Verlag<br \/>\n(K\u00f6ln, 2014) sowie vorher zwei B\u00fccher \u00fcber die \u00d6ffentlichkeitsarbeit und<br \/>\nNachwuchswerbung der Bundeswehr.<br \/>\nV.i.S.d.P.G.: M. S\u00fcnner; DFG-VK, c\/o Friedensbildungswerk K\u00f6ln, Obenmarspforten 7-11<\/p>\n<p><a href=\"http:\/\/www.friedenkoeln.de\/wp-content\/uploads\/2016\/08\/Gamescom-Gla\u00dfer-Flyer-R\u00fcckseite-A5.pdf\">Gamescom Gla\u00dfer Flyer R\u00fcckseite A5<\/a><\/p>\n<p><a href=\"http:\/\/www.friedenkoeln.de\/wp-content\/uploads\/2016\/08\/Gamescom-Gla\u00dfer-Plakat-A3.pdf\">Gamescom Gla\u00dfer Plakat A3<\/a><\/p>\n<p>&nbsp;<\/p>\n<p>&nbsp;<\/p>\n","protected":false},"excerpt":{"rendered":"<p>&nbsp; #NotAGame:\u00a0Die Bundeswehr und die gamescom-Veranstalter sind sich einig darin, Gesch\u00e4fte mit der Abenteuerlust von Jugendlichen zu machen und sie f\u00fcr das Milit\u00e4r auf der\u00a0Spielemesse<\/p>\n","protected":false},"author":110,"featured_media":9749,"comment_status":"open","ping_status":"open","sticky":false,"template":"","format":"standard","meta":{"footnotes":""},"categories":[2],"tags":[42,27],"class_list":["post-9747","post","type-post","status-publish","format-standard","has-post-thumbnail","hentry","category-aktionen","tag-abruestung","tag-kultur"],"_links":{"self":[{"href":"https:\/\/www.friedenkoeln.de\/index.php?rest_route=\/wp\/v2\/posts\/9747","targetHints":{"allow":["GET"]}}],"collection":[{"href":"https:\/\/www.friedenkoeln.de\/index.php?rest_route=\/wp\/v2\/posts"}],"about":[{"href":"https:\/\/www.friedenkoeln.de\/index.php?rest_route=\/wp\/v2\/types\/post"}],"author":[{"embeddable":true,"href":"https:\/\/www.friedenkoeln.de\/index.php?rest_route=\/wp\/v2\/users\/110"}],"replies":[{"embeddable":true,"href":"https:\/\/www.friedenkoeln.de\/index.php?rest_route=%2Fwp%2Fv2%2Fcomments&post=9747"}],"version-history":[{"count":6,"href":"https:\/\/www.friedenkoeln.de\/index.php?rest_route=\/wp\/v2\/posts\/9747\/revisions"}],"predecessor-version":[{"id":9789,"href":"https:\/\/www.friedenkoeln.de\/index.php?rest_route=\/wp\/v2\/posts\/9747\/revisions\/9789"}],"wp:featuredmedia":[{"embeddable":true,"href":"https:\/\/www.friedenkoeln.de\/index.php?rest_route=\/wp\/v2\/media\/9749"}],"wp:attachment":[{"href":"https:\/\/www.friedenkoeln.de\/index.php?rest_route=%2Fwp%2Fv2%2Fmedia&parent=9747"}],"wp:term":[{"taxonomy":"category","embeddable":true,"href":"https:\/\/www.friedenkoeln.de\/index.php?rest_route=%2Fwp%2Fv2%2Fcategories&post=9747"},{"taxonomy":"post_tag","embeddable":true,"href":"https:\/\/www.friedenkoeln.de\/index.php?rest_route=%2Fwp%2Fv2%2Ftags&post=9747"}],"curies":[{"name":"wp","href":"https:\/\/api.w.org\/{rel}","templated":true}]}}