{"id":9765,"date":"2016-08-20T14:50:47","date_gmt":"2016-08-20T12:50:47","guid":{"rendered":"http:\/\/www.friedenkoeln.de\/?p=9765"},"modified":"2016-08-20T14:50:47","modified_gmt":"2016-08-20T12:50:47","slug":"michael-schulze-von-glasser-spielt-militaervideospiele-kritisiert-feindbild-dahinter","status":"publish","type":"post","link":"https:\/\/www.friedenkoeln.de\/?p=9765","title":{"rendered":"Michael Schulze von Gla\u00dfer spielt Milit\u00e4rvideospiele, kritisiert Feindbild dahinter"},"content":{"rendered":"<p><em>Von Stefanie Intveen.<\/em> Der <a href=\"http:\/\/michi.blogsport.de\">Blogger<\/a>, <a href=\"https:\/\/www.youtube.com\/user\/gamesandpolitics\">Youtuber<\/a> und stellvertretende Politische Gesch\u00e4ftsf\u00fchrer der DFG-VK Michael Schulze von Gla\u00dfer sprach anl\u00e4sslich der <em>gamescom\u00a0<\/em>am 19. August 2016 in der Universit\u00e4t zu K\u00f6ln \u00fcber &#8222;Das virtuelle Schlachtfeld. Videospiele, Milit\u00e4r und R\u00fcstungsindustrie&#8220;. Er sei selbst mit Videospielen aufgewachsen und spiele auch manche Milit\u00e4rspiele gern. Aus seiner Sicht greift die aktuelle &#8222;Killerspiele-Debatte&#8220; zu kurz, denn <!--more-->die wechselseitige Beeinflussung von Milit\u00e4r, R\u00fcstungsunternehmen und Spieleindustrie werde in der \u00d6ffentlichkeit kaum thematisiert. Dabei seien die \u00dcberg\u00e4nge zwischen Unterhaltungsindustrie und Milit\u00e4r flie\u00dfend. In Videospielen w\u00fcrden Feindbilder\u00a0geschaffen oder bestehende Feindbilder verfestigt.<\/p>\n<div id=\"attachment_9776\" style=\"width: 330px\" class=\"wp-caption alignleft\"><img loading=\"lazy\" decoding=\"async\" aria-describedby=\"caption-attachment-9776\" class=\"size-medium wp-image-9776\" src=\"http:\/\/www.friedenkoeln.de\/wp-content\/uploads\/2016\/08\/DSC_0094-1-320x320.jpg\" alt=\"Michael Schulze von Gla\u00dfer am 19.8.2016 in K\u00f6ln\" width=\"320\" height=\"320\" srcset=\"https:\/\/www.friedenkoeln.de\/wp-content\/uploads\/2016\/08\/DSC_0094-1-320x320.jpg 320w, https:\/\/www.friedenkoeln.de\/wp-content\/uploads\/2016\/08\/DSC_0094-1-150x150.jpg 150w\" sizes=\"auto, (max-width: 320px) 100vw, 320px\" \/><p id=\"caption-attachment-9776\" class=\"wp-caption-text\">Michael Schulze von Gla\u00dfer am 19.8.2016 in K\u00f6ln<\/p><\/div>\n<p>Es gebe auch wirtschaftliche Verflechtungen. Die politische Bedeutung von bestimmten Videospielen liege\u00a0daher auf der Hand. Dar\u00fcber solle viel mehr debattiert und aufgekl\u00e4rt werden. Gamer h\u00e4tten beispielsweise ein Recht zu wissen, wenn der Hersteller eines von ihnen gekauften Spiels einen Teil der Einnahmen als Lizenzgeb\u00fchren an R\u00fcstungskonzerne weiterleiten w\u00fcrden.<\/p>\n<p>Auf der <em>gamescom<\/em> in K\u00f6ln d\u00fcrfe die Bundeswehr interessanterweise ihre echten Kriegswaffen zur Schau stellen, w\u00e4hrend die Messe den Besuchern das Mitbringen von Spielzeugwaffen aus Sicherheitsgr\u00fcnden untersagt hatten. Seine Eindr\u00fccke von der <em>gamescom<\/em>\u00a0und weitere Einsch\u00e4tzungen zur politischen Relevanz von Videospielen<em>\u00a0<\/em>hatte Michael bereits dem Radiosender K\u00f6lncampus\u00a0<a href=\"http:\/\/www.koelncampus.com\/sendung\/blickwechsel\/archiv\/7160-computerspiele-und-politik\/#podcasts\">geschildert (15 Min.)<\/a>\u00a0und k\u00f6nnen hier nachgeh\u00f6rt werden.<\/p>\n<p>Der Anfang der von ihm geforderten Debatte ist offenbar gemacht. Immerhin fragte der K\u00f6lner Express: <a href=\"http:\/\/www.express.de\/koeln\/nur-eine-spielemesse----was-macht-die-bundeswehr-auf-der-gamescom--24619162\">Was macht die Bundeswehr auf einer\u00a0Spielemesse?<\/a>\u00a0und zitierte unsere, vom <a href=\"https:\/\/www.facebook.com\/Antimilitaristisches-Aktionsb\u00fcndnis-K\u00f6ln-637396099769569\">Antimilitaristischen Aktionsb\u00fcndnis K\u00f6ln<\/a> vorgetragene Kritik daran. Und\u00a0die Piratenpartei findet: &#8222;Solange die Bundeswehr Infost\u00e4nde auf der\u00a0<em>gamescom<\/em> hat, sind Killerspiele unser kleinstes Problem&#8220;.<\/p>\n<div id=\"attachment_9774\" style=\"width: 330px\" class=\"wp-caption alignright\"><img loading=\"lazy\" decoding=\"async\" aria-describedby=\"caption-attachment-9774\" class=\"size-medium wp-image-9774\" src=\"http:\/\/www.friedenkoeln.de\/wp-content\/uploads\/2016\/08\/DSC_0078-320x320.jpg\" alt=\"Gamescom 2016. Piratenpartei protestiert\" width=\"320\" height=\"320\" srcset=\"https:\/\/www.friedenkoeln.de\/wp-content\/uploads\/2016\/08\/DSC_0078-320x320.jpg 320w, https:\/\/www.friedenkoeln.de\/wp-content\/uploads\/2016\/08\/DSC_0078-150x150.jpg 150w\" sizes=\"auto, (max-width: 320px) 100vw, 320px\" \/><p id=\"caption-attachment-9774\" class=\"wp-caption-text\">Gamescom 2016. Piratenpartei protestiert<\/p><\/div>\n<p>Bei dem Vortrag von Michael in K\u00f6ln war das Publikum allerdings kritisch und fragte nachdr\u00fccklich danach, ob er die Wirkung von &#8222;Killerspielen&#8220; auf etwa Jugendliche nicht verharmlose. Es entspann sich eine informative Diskussion \u00fcber die &#8222;Risiken und Nebenwirkungen&#8220; solcher\u00a0Videospiele auf bestimmte Personen und Personengruppen. Dabei war das breite Fachwissen von Michael eine gute Grundlage f\u00fcr eine differenzierte Einsch\u00e4tzung.<\/p>\n<p>&nbsp;<\/p>\n","protected":false},"excerpt":{"rendered":"<p>Von Stefanie Intveen. Der Blogger, Youtuber und stellvertretende Politische Gesch\u00e4ftsf\u00fchrer der DFG-VK Michael Schulze von Gla\u00dfer sprach anl\u00e4sslich der gamescom\u00a0am 19. August 2016 in der Universit\u00e4t zu K\u00f6ln \u00fcber &#8222;Das virtuelle Schlachtfeld. Videospiele, Milit\u00e4r&#46;&#46;&#46;<\/p>\n","protected":false},"author":110,"featured_media":9763,"comment_status":"open","ping_status":"open","sticky":false,"template":"","format":"standard","meta":{"footnotes":""},"categories":[2],"tags":[48,63],"class_list":["post-9765","post","type-post","status-publish","format-standard","has-post-thumbnail","hentry","category-aktionen","tag-bundeswehr","tag-informatik"],"_links":{"self":[{"href":"https:\/\/www.friedenkoeln.de\/index.php?rest_route=\/wp\/v2\/posts\/9765","targetHints":{"allow":["GET"]}}],"collection":[{"href":"https:\/\/www.friedenkoeln.de\/index.php?rest_route=\/wp\/v2\/posts"}],"about":[{"href":"https:\/\/www.friedenkoeln.de\/index.php?rest_route=\/wp\/v2\/types\/post"}],"author":[{"embeddable":true,"href":"https:\/\/www.friedenkoeln.de\/index.php?rest_route=\/wp\/v2\/users\/110"}],"replies":[{"embeddable":true,"href":"https:\/\/www.friedenkoeln.de\/index.php?rest_route=%2Fwp%2Fv2%2Fcomments&post=9765"}],"version-history":[{"count":8,"href":"https:\/\/www.friedenkoeln.de\/index.php?rest_route=\/wp\/v2\/posts\/9765\/revisions"}],"predecessor-version":[{"id":9777,"href":"https:\/\/www.friedenkoeln.de\/index.php?rest_route=\/wp\/v2\/posts\/9765\/revisions\/9777"}],"wp:featuredmedia":[{"embeddable":true,"href":"https:\/\/www.friedenkoeln.de\/index.php?rest_route=\/wp\/v2\/media\/9763"}],"wp:attachment":[{"href":"https:\/\/www.friedenkoeln.de\/index.php?rest_route=%2Fwp%2Fv2%2Fmedia&parent=9765"}],"wp:term":[{"taxonomy":"category","embeddable":true,"href":"https:\/\/www.friedenkoeln.de\/index.php?rest_route=%2Fwp%2Fv2%2Fcategories&post=9765"},{"taxonomy":"post_tag","embeddable":true,"href":"https:\/\/www.friedenkoeln.de\/index.php?rest_route=%2Fwp%2Fv2%2Ftags&post=9765"}],"curies":[{"name":"wp","href":"https:\/\/api.w.org\/{rel}","templated":true}]}}