{"id":9799,"date":"2016-08-31T06:45:17","date_gmt":"2016-08-31T04:45:17","guid":{"rendered":"http:\/\/www.friedenkoeln.de\/?p=9799"},"modified":"2016-09-01T23:32:59","modified_gmt":"2016-09-01T21:32:59","slug":"kurden-laden-zu-internationalem-kultur-festival-am-3-9-ein","status":"publish","type":"post","link":"https:\/\/www.friedenkoeln.de\/?p=9799","title":{"rendered":"Kurden laden zu internationalem Kultur-Festival am 3. 9. ein"},"content":{"rendered":"<p><strong>E i n l a d u n g<\/strong><\/p>\n<p>Sehr geehrte Damen und Herren,<\/p>\n<p><strong>\u00a0<\/strong>am 3. September 2016 werden wir, nachdem auf \u201eEmpfehlung\u201c des Polizeipr\u00e4sidenten der Stadt K\u00f6ln, des Bundesamtes f\u00fcr Verfassungsschutz sowie des NRW- Innenministers das von uns geplante 24. Internationale Kurdische Kultur Festival de facto verboten wurde, eine Kundgebung an der Deutzer Werft in K\u00f6ln durchf\u00fchren. Im Zentrum unserer Veranstaltung wird &#8211; wie bei allen vorangegangenen Festivals auch &#8211; die Forderung nach Frieden, Freiheit und Demokratie, sowie aktuell die Kritik und Proteste an der Herangehensweise der Beh\u00f6rden und der politisch Verantwortlichen stehen.<\/p>\n<p>Diese Forderungen sind gerade jetzt von gr\u00f6\u00dfter Bedeutung, wo Menschenrechte und Demokratie durch das diktatorische Vorgehen Erdo\u1e21ans mit F\u00fcssen getreten werden. Auch der v\u00f6lkerrechtswidrige Einmarsch der T\u00fcrkei in Rojava\/Syrien wird in der Region zu mehr Instabilit\u00e4t f\u00fchren, zumal die milit\u00e4rische Intervention nicht gegen den IS, sondern gegen die Errungenschaften der Kurden in Syrien gerichtet ist.<\/p>\n<p>Wir m\u00f6chten mit unserer Kundgebung die Hoffnung verbinden, dass die kurdische Frage mit friedlichen und demokratischen Mitteln und in gegenseitigem Respekt gel\u00f6st werden kann -unter Anerkennung von Abdullah \u00d6calan als legitimen Verhandlungspartner.<\/p>\n<p>Auch die nationalen und internationalen Medien k\u00f6nnen einen Beitrag leisten, einer politischen L\u00f6sung des t\u00fcrkisch-kurdischen Konflikts eine Stimme zu geben. Deshalb m\u00f6chten wir Sie herzlich zu unserer Kundgebung einladen.<\/p>\n<p><strong>\u00a0Das Programm der Kundgebung beginnt um 11.30 Uhr. <\/strong><\/p>\n<p>Auf der Kundgebung werden u.a. reden: Der Co-Vorsitzende der HDP, <strong>Selahattin Demirta\u1e63<\/strong>, der Co-Vorsitzender der nordsyrischen PYD, <strong>Salih M\u00fcslim<\/strong> sowie <strong>Bernd Riexinger<\/strong> der Co-Vorsitzende der Partei DIE LINKE. Neben den Redebeitr\u00e4gen wird es unterschiedliche kulturelle Beitr\u00e4ge von Tanz- und Musikgruppen geben.<\/p>\n<p>Wir w\u00fcrden uns sehr freuen, Sie auf unserer Veranstaltung begr\u00fc\u00dfen zu k\u00f6nnen.<\/p>\n<p>Herr Yavuz Ferso\u1e21lu sowie Frau Ayten Kaplan stehen Ihnen gerne f\u00fcr Nachfragen oder Interviewvermittlungen zur Verf\u00fcgung.<\/p>\n<p>&nbsp;<\/p>\n<p><strong>Demokratisches Gesellschaftszentrum der KurdInnen in Deutschland e.V. (NAV-DEM), Europ\u00e4ischer <em>Rat<\/em> f\u00fcr <em>Frieden und Demokratie<\/em> (<em>ABDEM<\/em>), Plattform der Demokratischen Kr\u00e4fte, Vereinigte Juni-Bewegung, Kongress der V\u00f6lker \u2013Europa (HDK-A),<\/strong><strong> Interventionistische Linke K\u00f6ln<\/strong><\/p>\n<p><strong>NAV-DEM\u00a0<\/strong><\/p>\n<p><em><strong>Demokratisches Gesellschaftszentrum der KurdInnen in Deutschland e. V.<\/strong><\/em><\/p>\n<p><em>Navenda Civaka Demokrat\u00eek ya Kurd\u00ean li Almanyay\u00ea\u00a0<\/em><\/p>\n<ul>\n<li><strong>E-mail:<\/strong> info@navdem.com<\/li>\n<li>Web: \u00a0 \u00a0<a href=\"http:\/\/www.navdem.com\">www.navdem.com<\/a><\/li>\n<li>Tel: \u00a0 \u00a0 \u00a00157 33 88 12 94<\/li>\n<\/ul>\n<hr \/>\n<h3><em>In diesem Zusammenhang\u00a0 publizieren wir hier die Erkl\u00e4rung von T\u00fcday zur Situation in der T\u00fcrkei :<\/em><\/h3>\n<p>&nbsp;<\/p>\n<div class=\"\">\n<div class=\"\">An die Presse und die \u00d6ffentlichkeit<\/div>\n<div class=\"\">Aus Anlass des heutigen Weltfriedenstages geben wir folgende Presseerkl\u00e4rung ab:<\/div>\n<div class=\"\">Als T\u00dcDAY e.V., der sich f\u00fcr die Einhaltung der Menschenrechte, vor allem in der T\u00fcrkei und in Deutschland einsetzt, sind wir entsetzt \u00fcber die Entwicklungen in der T\u00fcrkei und das tatenlose Zusehen der Bundesregierung gegen\u00fcber diesen Entwicklungen.<\/div>\n<div class=\"\">Am 15. Juli 2016 hat es einen Putschversuch des Milit\u00e4rs in der T\u00fcrkei gegeben. Die Vereitelung dieses Putschversuches f\u00fchrte in der Folgezeit zu massiven Menschenrechtsverletzungen, die von der ganzen Welt stillschweigend beobachtet werden. Ahnungslose Soldaten, die Befehlen ihrer Vorgesetzten folgten, wurden in der Folgenacht des Putschversuches vor laufenden Kameras schikaniert, gedem\u00fctigt und von dem tobenden, offensichtlich islamistischen Mob massakriert.\u00a0 B\u00e4rtige, mit Turbanen bekleidete M\u00e4nner feierten sich dabei unter \u201callahu akbar\u201d Rufen als W\u00e4chter der Demokratie. Die festgenommenen Soldaten und Milit\u00e4rangeh\u00f6rigen wurden in der Folgezeit offensichtlich misshandelt und in diesem Zustand vor laufenden Kameras der \u00d6ffentlichkeit vorgef\u00fchrt. Regierungsangeh\u00f6rige erkl\u00e4rten, \u201cwir werden sie noch derart bestrafen, dass sie uns noch anflehen werden, sterben zu d\u00fcrfen.\u201d\u00a0 Derartige Erkl\u00e4rungen zeigen offen, dass sich Angeh\u00f6rige der Polizei- und Haftanstalten bei Misshandlungen und Anwendung von Folter auf die R\u00fcckendeckung der Regierung verlassen k\u00f6nnen.<\/div>\n<div class=\"\">Seit dem Putschversuch werden t\u00e4glich, einer Hexenjagd gleichkommend, in Massen Menschen festgenommen, von ihrem Dienst suspendiert, entlassen, inhaftiert, ganze Universit\u00e4ten, Schulen, Studentenheime sowie Zeitungen und Fernsehkan\u00e4le geschlossen, Redaktionsr\u00e4ume gest\u00fcrmt, Mitarbeiter festgenommen. Nach uns vorliegenden Informationen sitzen aktuell \u00a056 Journalisten in Haftanstalten, 21 von Ihnen wegen angeblicher Mitgliedschaft in der FET\u00d6 (Fethullah G\u00fclen Terrororganisation). Auch die Redaktion der Zeitung \u00d6zg\u00fcr G\u00fcndem wurde am 16. August von Polizeikr\u00e4ften gest\u00fcrmt und 22 Mitarbeiter festgenommen und am n\u00e4chsten Tag freigelassen. Asli Erdogan, eine Schriftstellerin und ebenfalls Mitarbeiterin der Zeitung \u00d6zg\u00fcr G\u00fcndem, wurde wenige Tage nach der Erst\u00fcrmung der Redaktionsr\u00e4ume zu Hause festgenommen und inhaftiert. Asli Erdogan, die an Asthma und Diabetes leidet, berichtete in Briefen an Angeh\u00f6rige \u00fcber Schikanen ihr gegen\u00fcber, wie der Verweigerung von Wasser, Medikamenten und dergleichen.\u00a0 Auch zahlreiche andere oppositionelle Zeitungsredaktionen wurden gest\u00fcrmt und deren Mitarbeiter festgenommen bzw. inhaftiert.<\/div>\n<div class=\"\">Die Situation in den Haftanstalten, die bereits seit dem Milit\u00e4rputsch von 1980 aufgrund der andauernder Berichte von Gefangenen \u00fcber Folter und Misshandlungen Menschenrechtler immer wieder besorgte, gibt seit dem gescheiterten Putschversuch vom 15. Juli 2016 erneut Grund zur Sorge. So erreichen uns erneut Informationen \u00fcber zahlreiche Schickanen der Gefangenen und ihrer Angeh\u00f6rigen, die sie besuchen m\u00f6chten.<\/div>\n<div class=\"\">Die Repressalien der Regierungskr\u00e4fte in kurdischen St\u00e4dten und D\u00f6rfern geht &#8211; trotz der immer wieder lautstark formulierten Forderung der Oppositionskr\u00e4fte nach einem Frieden und einer Waffenruhe &#8211; unvermindert weiter. Ausgangssperren, die teilweise monatelang andauern und zu gravierenden gesundheitlichen Folgen f\u00fcr die Bev\u00f6lkerung f\u00fchren, da z.B. keine Lebensmitteleink\u00e4ufe m\u00f6glich sind, stehen an der Tagesordnung. Nach wie vor werden dort, auch Zivilisten, get\u00f6tet. Akademiker, die sich f\u00fcr eine Waffenruhe und den Frieden eingesetzt haben, werden suspendiert und teilweise festgenommen und inhaftiert. Bislang verloren 400 AkademikerInnen allein wegen der Forderung nach Einleitung des Friedesprozesses durch Suspendierung ihre Stelle.<\/div>\n<div class=\"\">Auch Verschleppungen, die in den 90\u00b4er Jahren immer wieder an der Tagesordnung standen und die seitdem bis heute zu Mahnwachen der Samstagsm\u00fctter in Istanbul vor der Galatasaray Lisesi f\u00fchrten, scheinen wieder zur Methode der Regierung geworden zu sein. So wurde Hursit K\u00fclter, Kreisvorstandsmitglied der DBP in Sirnak, laut Augenzeugen am 27. Mai 2016 von uniformierten Regierungskr\u00e4ften festgenommen. Seit dem fehlt von ihm jede Spur. Forderungen der Opposition, seinen Aufenthaltsort bekannt zu geben, beantwortete das Innenministerium damit, dass es nicht ihre Aufgabe sei, seinen Aufenthaltsort zu ermitteln.<\/div>\n<div class=\"\">All das gibt uns Grund zu der Sorge, dass die T\u00fcrkei, unter dem Vorwand der Bek\u00e4mpfung der Putschgefahr, erneut in die Zeit des Milit\u00e4rputsches von 1980 zur\u00fcckf\u00e4llt, in der es bereits massive Menschenrechtsverletzungen gegeben hatte und die zu einer gro\u00dfen Fluchtbewegung aus der T\u00fcrkei nach Europa f\u00fchrte. Wir bef\u00fcrchten, dass, wie in den 80\u00b4er Jahren, erneut viele Menschen gezwungen sein werden, ihr Land zu verlassen und in Europa Schutz zu suchen.<\/div>\n<div class=\"\">Aus diesem Grunde fordern wir die Bundesregierung auf, alles in ihrer Macht stehende zu tun, um die t\u00fcrkische Regierung dazu zu bewegen, diese Hexenjagd einzustellen, rechtsstaatliche Prinzipien einzuhalten und Menschenrechtsverletzungen zu stoppen.<\/div>\n<div class=\"io-ox-signature\">\n<div class=\"\">T\u00dcDAY<\/div>\n<div class=\"\">Menschenrechtsverein T\u00fcrkei\/Deutschland e.V <br class=\"\" \/>T\u00fcrkiye Almanya \u0130nsan Haklar\u0131 Derne\u011fi <br class=\"\" \/>Human Rights Association Turkey\/Germany <br class=\"\" \/>Komeleya Maf\u00ean Mirovan Tirkiye\/Almanya<br class=\"\" \/><br class=\"\" \/>Melchiorstra\u00dfe. 3, 50670 K\u00f6ln <br class=\"\" \/>Tel: +49221724077 Telefax: +4932226483001 <br class=\"\" \/>Mail: <a class=\"\" href=\"mailto:info@tuday.de\">info@tuday.de<\/a> <br class=\"\" \/>Web: <a class=\"\" href=\"http:\/\/www.tuday.de\/\">www.tuday.de<\/a> &#8211; <a class=\"\" href=\"http:\/\/www.facebook.com\/Tuday.e.V\">www.facebook.com\/Tuday.e.V<\/a><\/div>\n<\/div>\n<\/div>\n","protected":false},"excerpt":{"rendered":"<p>E i n l a d u n g Sehr geehrte Damen und Herren, \u00a0am 3. September 2016 werden wir, nachdem auf \u201eEmpfehlung\u201c des Polizeipr\u00e4sidenten der Stadt K\u00f6ln, des Bundesamtes f\u00fcr Verfassungsschutz sowie des&#46;&#46;&#46;<\/p>\n","protected":false},"author":110,"featured_media":0,"comment_status":"open","ping_status":"open","sticky":false,"template":"","format":"standard","meta":{"footnotes":""},"categories":[2],"tags":[40,28,27,57],"class_list":["post-9799","post","type-post","status-publish","format-standard","hentry","category-aktionen","tag-demokratie","tag-fluchtlingen","tag-kultur","tag-musik"],"_links":{"self":[{"href":"https:\/\/www.friedenkoeln.de\/index.php?rest_route=\/wp\/v2\/posts\/9799","targetHints":{"allow":["GET"]}}],"collection":[{"href":"https:\/\/www.friedenkoeln.de\/index.php?rest_route=\/wp\/v2\/posts"}],"about":[{"href":"https:\/\/www.friedenkoeln.de\/index.php?rest_route=\/wp\/v2\/types\/post"}],"author":[{"embeddable":true,"href":"https:\/\/www.friedenkoeln.de\/index.php?rest_route=\/wp\/v2\/users\/110"}],"replies":[{"embeddable":true,"href":"https:\/\/www.friedenkoeln.de\/index.php?rest_route=%2Fwp%2Fv2%2Fcomments&post=9799"}],"version-history":[{"count":3,"href":"https:\/\/www.friedenkoeln.de\/index.php?rest_route=\/wp\/v2\/posts\/9799\/revisions"}],"predecessor-version":[{"id":9809,"href":"https:\/\/www.friedenkoeln.de\/index.php?rest_route=\/wp\/v2\/posts\/9799\/revisions\/9809"}],"wp:attachment":[{"href":"https:\/\/www.friedenkoeln.de\/index.php?rest_route=%2Fwp%2Fv2%2Fmedia&parent=9799"}],"wp:term":[{"taxonomy":"category","embeddable":true,"href":"https:\/\/www.friedenkoeln.de\/index.php?rest_route=%2Fwp%2Fv2%2Fcategories&post=9799"},{"taxonomy":"post_tag","embeddable":true,"href":"https:\/\/www.friedenkoeln.de\/index.php?rest_route=%2Fwp%2Fv2%2Ftags&post=9799"}],"curies":[{"name":"wp","href":"https:\/\/api.w.org\/{rel}","templated":true}]}}