{"id":9815,"date":"2016-09-04T22:03:31","date_gmt":"2016-09-04T20:03:31","guid":{"rendered":"http:\/\/www.friedenkoeln.de\/?p=9815"},"modified":"2020-11-14T23:32:28","modified_gmt":"2020-11-14T21:32:28","slug":"ein-packendes-stueck-gegenwart-aus-dem-gaza-streifen","status":"publish","type":"post","link":"https:\/\/www.friedenkoeln.de\/?p=9815","title":{"rendered":"Ein packendes St\u00fcck Gegenwart aus dem Gaza-Streifen"},"content":{"rendered":"<p>Michael Morgenstern gl\u00e4nzt im St\u00fcck &#8222;Ich werde nicht hassen&#8220; von Izzeldin Abuelaish unter der Regie von Ali Jalaly im Teater Tiefrot.<\/p>\n<p>Das St\u00fcck handelt von Dr. med. Abuelaish, einem pal\u00e4stinensischen Gyn\u00e4kologen, der vom Alltag in Gaza und vom t\u00f6dlichen Angriff auf seine drei T\u00f6chter erz\u00e4hlt. Trotzdem k\u00e4mpft Dr. Abulaish weiter f\u00fcr Verst\u00e4ndigung und Vers\u00f6hnung mit Israel.<\/p>\n<p>Mit einer beeindruckenden schauspielerischen Leistung und gelungenen Video-Einspielungen zog mich das St\u00fcck von der ersten bis zur letzen Minute in seinen Bann und ber\u00fchrte mich mit einer zutiefst pazifistischen Haltung.<\/p>\n<p>Weitere Auff\u00fchrungstermine des sehenswerten St\u00fcckes: <a href=\"http:\/\/www.theater-tiefrot.de\/spielplan\/\">http:\/\/www.theater-tiefrot.de\/spielplan\/<\/a><\/p>\n<p>Harald Fuchs<\/p>\n","protected":false},"excerpt":{"rendered":"<p>Michael Morgenstern gl\u00e4nzt im St\u00fcck &#8222;Ich werde nicht hassen&#8220; von Izzeldin Abuelaish unter der Regie von Ali Jalaly im Teater Tiefrot. Das St\u00fcck handelt von Dr. med. Abuelaish, einem pal\u00e4stinensischen Gyn\u00e4kologen, der vom Alltag&#46;&#46;&#46;<\/p>\n","protected":false},"author":110,"featured_media":0,"comment_status":"open","ping_status":"open","sticky":false,"template":"","format":"standard","meta":{"footnotes":""},"categories":[105],"tags":[66,27,67],"class_list":["post-9815","post","type-post","status-publish","format-standard","hentry","category-bericht","tag-israel-palaestina","tag-kultur","tag-theater"],"_links":{"self":[{"href":"https:\/\/www.friedenkoeln.de\/index.php?rest_route=\/wp\/v2\/posts\/9815","targetHints":{"allow":["GET"]}}],"collection":[{"href":"https:\/\/www.friedenkoeln.de\/index.php?rest_route=\/wp\/v2\/posts"}],"about":[{"href":"https:\/\/www.friedenkoeln.de\/index.php?rest_route=\/wp\/v2\/types\/post"}],"author":[{"embeddable":true,"href":"https:\/\/www.friedenkoeln.de\/index.php?rest_route=\/wp\/v2\/users\/110"}],"replies":[{"embeddable":true,"href":"https:\/\/www.friedenkoeln.de\/index.php?rest_route=%2Fwp%2Fv2%2Fcomments&post=9815"}],"version-history":[{"count":3,"href":"https:\/\/www.friedenkoeln.de\/index.php?rest_route=\/wp\/v2\/posts\/9815\/revisions"}],"predecessor-version":[{"id":9818,"href":"https:\/\/www.friedenkoeln.de\/index.php?rest_route=\/wp\/v2\/posts\/9815\/revisions\/9818"}],"wp:attachment":[{"href":"https:\/\/www.friedenkoeln.de\/index.php?rest_route=%2Fwp%2Fv2%2Fmedia&parent=9815"}],"wp:term":[{"taxonomy":"category","embeddable":true,"href":"https:\/\/www.friedenkoeln.de\/index.php?rest_route=%2Fwp%2Fv2%2Fcategories&post=9815"},{"taxonomy":"post_tag","embeddable":true,"href":"https:\/\/www.friedenkoeln.de\/index.php?rest_route=%2Fwp%2Fv2%2Ftags&post=9815"}],"curies":[{"name":"wp","href":"https:\/\/api.w.org\/{rel}","templated":true}]}}