{"id":9855,"date":"2016-09-16T07:00:20","date_gmt":"2016-09-16T05:00:20","guid":{"rendered":"http:\/\/www.friedenkoeln.de\/?p=9855"},"modified":"2016-09-19T19:37:25","modified_gmt":"2016-09-19T17:37:25","slug":"deutschland-im-drohnenkrieg-fakten-und-forderungen-von-luehr-henken","status":"publish","type":"post","link":"https:\/\/www.friedenkoeln.de\/?p=9855","title":{"rendered":"Deutschland im Drohnenkrieg? Fakten und Forderungen von L\u00fchr Henken"},"content":{"rendered":"<p><em>Von Stefanie Intveen.<\/em> Auf Einladung des <a href=\"http:\/\/koelnerfriedensforum.org\">K\u00f6lner Friedensforum<\/a>\u00a0stellte L\u00fchr Henken am 14. September 2016 in der Lutherkirche S\u00fcdstadt in K\u00f6ln die Frage &#8222;Deutschland im Drohnenkrieg?&#8220;.\u00a0L\u00fchr Henken ist\u00a0einer der Co-Sprecher des Bundesausschusses <a href=\"http:\/\/www.friedensratschlag.de\">Friedensratschlag<\/a> und Gr\u00fcndungsmitglied der bundesweiten <a href=\"http:\/\/www.drohnen-kampagne.de\">Drohnenkampagne<\/a>.<\/p>\n<p>Inwieweit nutzt die Bundeswehr bereits heute bewaffnungsf\u00e4hige Kampfdrohnen? Wann werden die ersten Gro\u00dfdrohnen f\u00fcr\u00a0die Bundeswehr angeschafft?\u00a0Wie stark und warum forciert die Bundesregierung bei atemberaubenden Steigerungen der R\u00fcstungsausgaben die Entwicklung dieser neuen Milit\u00e4rtechnologien? Wann wird Deutschland \u00fcber autonome Waffensysteme verf\u00fcgen, die selbst entscheiden, <!--more-->was zu zerst\u00f6ren, wer zu ermorden ist? Wie weit sind wir noch entfernt von dem\u00a0albtraumhaften Szenario von Schw\u00e4rmen bewaffneter Kamikaze-Roboter, die frei von Moral, Gewissen und Gef\u00fchlen auf den &#8222;Feind&#8220; losgehen?<\/p>\n<div id=\"attachment_9860\" style=\"width: 330px\" class=\"wp-caption alignleft\"><img loading=\"lazy\" decoding=\"async\" aria-describedby=\"caption-attachment-9860\" class=\"size-medium wp-image-9860\" src=\"http:\/\/www.friedenkoeln.de\/wp-content\/uploads\/2016\/09\/P2100848_1-320x320.jpg\" alt=\"L\u00fchr Henken in K\u00f6ln. Foto: Klaus M\u00fcller\" width=\"320\" height=\"320\" srcset=\"https:\/\/www.friedenkoeln.de\/wp-content\/uploads\/2016\/09\/P2100848_1-320x320.jpg 320w, https:\/\/www.friedenkoeln.de\/wp-content\/uploads\/2016\/09\/P2100848_1-150x150.jpg 150w\" sizes=\"auto, (max-width: 320px) 100vw, 320px\" \/><p id=\"caption-attachment-9860\" class=\"wp-caption-text\">L\u00fchr Henken in K\u00f6ln. Foto: Klaus M\u00fcller<\/p><\/div>\n<p>L\u00fchr Henken verwies auf Umfrageergebnisse, nach denen die Bev\u00f6lkerung in Deutschland derartige Technologien\u00a0und milit\u00e4rpolitische Entscheidungen mit stabiler und deutlicher Mehrheit ablehne. Deshalb w\u00fcrde die Bundesregierung die \u00d6ffentlichkeit \u00fcber\u00a0diese von ihr vorangetriebenen Entwicklungen kaum informieren. Informationen \u00fcber die deutsche Drohnenpolitik sind nur bruchst\u00fcckhaft zu finden. Deshalb freuen wir uns, dass wir den vollst\u00e4ndigen Vortrag mit den neuesten Fakten <a href=\"http:\/\/www.friedenkoeln.de\/wp-content\/uploads\/2016\/09\/L\u00fchr-Henken_Deutschland-aktiv-im-Drohnenkrieg-20160914-K\u00f6ln.pdf\">hier<\/a> ver\u00f6ffentlichen k\u00f6nnen.<\/p>\n<p>Moderiert von Michael S\u00fcnner,\u00a0einem der Sprecher der DFG-VK Gruppe K\u00f6ln, diskutierte das Publikum im Anschluss an den Vortrag \u00fcber die Frage, was nun aus friedenspolitischer Sicht zu tun sei. L\u00fchr Henken hatte schon erl\u00e4utert, dass man Kampfdrohnen \u00e4chten m\u00fcsse, weil diese Systeme die Vorstufe von\u00a0selbst\u00e4ndig entscheidenden und handelnden\u00a0Mordmaschinen bedeuteten.<\/p>\n<p>Als notwendig wurde empfunden, die Bev\u00f6lkerung \u00fcber die aktuellen Entwicklungen weiter\u00a0aufzukl\u00e4ren, weitere <a href=\"https:\/\/drohnen-kampagne.de\/online-unterstutzung\/\">Unterschriften<\/a> f\u00fcr die \u00c4chtung von Kampfdrohnen zu sammeln und Friedenskundgebungen zu unterst\u00fctzen. L\u00fchr Henken betonte, Aufkl\u00e4rung\u00a0sei wichtig, weil die milit\u00e4rischen Planungen sonst z\u00fcgig umgesetzt werden w\u00fcrden.\u00a0Der\u00a0Bundesregierung k\u00f6nne man\u00a0nicht glauben, sie wolle sich f\u00fcr eine \u00c4chtung autonomer Waffensysteme einsetzen; denn bislang habe\u00a0sie\u00a0keine wahrnehmbaren Ma\u00dfnahmen zur Beendigung des US-Drohnenkriegs \u00fcber die rheinland-pf\u00e4lzische US Airbase Ramstein ergriffen und gebe immer noch vor, sie wisse nicht, was in Ramstein passiere.<\/p>\n<p>&nbsp;<\/p>\n<p>Weitere beeindruckende <a href=\"https:\/\/goo.gl\/photos\/tbSqbE122kc5qrJA7\">Bilder<\/a> hat Klaus M\u00fcller bei der Veranstaltung gemacht.<\/p>\n","protected":false},"excerpt":{"rendered":"<p>Von Stefanie Intveen. Auf Einladung des K\u00f6lner Friedensforum\u00a0stellte L\u00fchr Henken am 14. September 2016 in der Lutherkirche S\u00fcdstadt in K\u00f6ln die Frage &#8222;Deutschland im Drohnenkrieg?&#8220;.\u00a0L\u00fchr Henken ist\u00a0einer der Co-Sprecher des Bundesausschusses Friedensratschlag und Gr\u00fcndungsmitglied&#46;&#46;&#46;<\/p>\n","protected":false},"author":110,"featured_media":9860,"comment_status":"open","ping_status":"open","sticky":false,"template":"","format":"standard","meta":{"footnotes":""},"categories":[2],"tags":[42,68,49,48,44,63,39,47],"class_list":["post-9855","post","type-post","status-publish","format-standard","has-post-thumbnail","hentry","category-aktionen","tag-abruestung","tag-bundesregierung","tag-bundestag","tag-bundeswehr","tag-drohnen","tag-informatik","tag-kampfdrohnen","tag-krieg-gegen-terror"],"_links":{"self":[{"href":"https:\/\/www.friedenkoeln.de\/index.php?rest_route=\/wp\/v2\/posts\/9855","targetHints":{"allow":["GET"]}}],"collection":[{"href":"https:\/\/www.friedenkoeln.de\/index.php?rest_route=\/wp\/v2\/posts"}],"about":[{"href":"https:\/\/www.friedenkoeln.de\/index.php?rest_route=\/wp\/v2\/types\/post"}],"author":[{"embeddable":true,"href":"https:\/\/www.friedenkoeln.de\/index.php?rest_route=\/wp\/v2\/users\/110"}],"replies":[{"embeddable":true,"href":"https:\/\/www.friedenkoeln.de\/index.php?rest_route=%2Fwp%2Fv2%2Fcomments&post=9855"}],"version-history":[{"count":10,"href":"https:\/\/www.friedenkoeln.de\/index.php?rest_route=\/wp\/v2\/posts\/9855\/revisions"}],"predecessor-version":[{"id":9876,"href":"https:\/\/www.friedenkoeln.de\/index.php?rest_route=\/wp\/v2\/posts\/9855\/revisions\/9876"}],"wp:featuredmedia":[{"embeddable":true,"href":"https:\/\/www.friedenkoeln.de\/index.php?rest_route=\/wp\/v2\/media\/9860"}],"wp:attachment":[{"href":"https:\/\/www.friedenkoeln.de\/index.php?rest_route=%2Fwp%2Fv2%2Fmedia&parent=9855"}],"wp:term":[{"taxonomy":"category","embeddable":true,"href":"https:\/\/www.friedenkoeln.de\/index.php?rest_route=%2Fwp%2Fv2%2Fcategories&post=9855"},{"taxonomy":"post_tag","embeddable":true,"href":"https:\/\/www.friedenkoeln.de\/index.php?rest_route=%2Fwp%2Fv2%2Ftags&post=9855"}],"curies":[{"name":"wp","href":"https:\/\/api.w.org\/{rel}","templated":true}]}}