{"id":9878,"date":"2016-09-22T10:00:41","date_gmt":"2016-09-22T08:00:41","guid":{"rendered":"http:\/\/www.friedenkoeln.de\/?p=9878"},"modified":"2020-11-14T23:31:30","modified_gmt":"2020-11-14T21:31:30","slug":"afghanistan-ist-kein-sicheres-herkunftsland","status":"publish","type":"post","link":"https:\/\/www.friedenkoeln.de\/?p=9878","title":{"rendered":"Afghanistan ist kein sicheres Herkunftsland"},"content":{"rendered":"<p>In Afghanistan kann von Sicherheit keine Rede sein: Vielerorts kommt es zu heftigen K\u00e4mpfen, Bomben-anschl\u00e4ge sind an der Tagesordnung, Teile des Landes kontrollieren die Taliban. Durch die bewaffneten Konflikte verlieren jedes Jahr Tausende Menschen ihr Leben, ihre H\u00e4user, ihre Lebensgrundlage. Hundert-tausende Afghanen befinden sich bereits auf der Flucht \u2013 viele davon als Binnenfl\u00fcchtlinge oder in den direkten Nachbarl\u00e4ndern. Die Bundesregierung will Menschen trotz der sich verschlechternden Sicherheitslage im Land nach Afghanistan abschieben. PRO ASYL fordert die Bundesregierung auf, von der Idee verst\u00e4rkter Abschiebungen nach Afghanistan sofort Abstand zu nehmen. Abschiebungen nach Afghanistan bedeuten f\u00fcr die Betroffenen Abschiebungen in lebensgef\u00e4hrliche Zust\u00e4nde. <span id=\"topic-content\" class=\"header-slider-topic__anchor\"><\/span><\/p>\n<p>Nachdem Deutschland sich seit 2001 trotz der Proteste der Friedensbewegung am gescheiterten &#8222;Krieg gegen den Terror&#8220; beteiligt und Truppen nach Afghanistan geschickt hat, ist Deutschland f\u00fcr die heutigen katastrophalen Zust\u00e4nde in Afghanistan mitverantwortlich. Auf diesem Hintergrund ist die Abschiebepolitik unseres Innenministers De Maizi\u00e8re besonders sch\u00e4big. Von den Folgen ihrer Politik will die Bundesregierung nichts wissen. Ihre Opfer werden einfach zur\u00fcckgeschickt als h\u00e4tte Deutschland mit den Fluchtursachen nichts zu tun.<\/p>\n<p>Pro Asyl hat eine unterst\u00fctzenswerte <a href=\"https:\/\/www.proasyl.de\/thema\/unsicheres-afghanistan\/\">Kampagne<\/a> und einen <a href=\"https:\/\/www.proasyl.de\/thema\/unsicheres-afghanistan\/\">online-Appell<\/a> gestartet.<\/p>\n<p style=\"text-align: right;\">Harald Fuchs<\/p>\n<p>&nbsp;<\/p>\n","protected":false},"excerpt":{"rendered":"<p>In Afghanistan kann von Sicherheit keine Rede sein: Vielerorts kommt es zu heftigen K\u00e4mpfen, Bomben-anschl\u00e4ge sind an der Tagesordnung, Teile des Landes kontrollieren die Taliban. Durch die bewaffneten Konflikte verlieren jedes Jahr Tausende Menschen&#46;&#46;&#46;<\/p>\n","protected":false},"author":110,"featured_media":0,"comment_status":"open","ping_status":"open","sticky":false,"template":"","format":"standard","meta":{"footnotes":""},"categories":[107],"tags":[28,47],"class_list":["post-9878","post","type-post","status-publish","format-standard","hentry","category-kommentar","tag-fluchtlingen","tag-krieg-gegen-terror"],"_links":{"self":[{"href":"https:\/\/www.friedenkoeln.de\/index.php?rest_route=\/wp\/v2\/posts\/9878","targetHints":{"allow":["GET"]}}],"collection":[{"href":"https:\/\/www.friedenkoeln.de\/index.php?rest_route=\/wp\/v2\/posts"}],"about":[{"href":"https:\/\/www.friedenkoeln.de\/index.php?rest_route=\/wp\/v2\/types\/post"}],"author":[{"embeddable":true,"href":"https:\/\/www.friedenkoeln.de\/index.php?rest_route=\/wp\/v2\/users\/110"}],"replies":[{"embeddable":true,"href":"https:\/\/www.friedenkoeln.de\/index.php?rest_route=%2Fwp%2Fv2%2Fcomments&post=9878"}],"version-history":[{"count":3,"href":"https:\/\/www.friedenkoeln.de\/index.php?rest_route=\/wp\/v2\/posts\/9878\/revisions"}],"predecessor-version":[{"id":9881,"href":"https:\/\/www.friedenkoeln.de\/index.php?rest_route=\/wp\/v2\/posts\/9878\/revisions\/9881"}],"wp:attachment":[{"href":"https:\/\/www.friedenkoeln.de\/index.php?rest_route=%2Fwp%2Fv2%2Fmedia&parent=9878"}],"wp:term":[{"taxonomy":"category","embeddable":true,"href":"https:\/\/www.friedenkoeln.de\/index.php?rest_route=%2Fwp%2Fv2%2Fcategories&post=9878"},{"taxonomy":"post_tag","embeddable":true,"href":"https:\/\/www.friedenkoeln.de\/index.php?rest_route=%2Fwp%2Fv2%2Ftags&post=9878"}],"curies":[{"name":"wp","href":"https:\/\/api.w.org\/{rel}","templated":true}]}}