{"id":9892,"date":"2016-09-26T22:13:03","date_gmt":"2016-09-26T20:13:03","guid":{"rendered":"http:\/\/www.friedenkoeln.de\/?p=9892"},"modified":"2016-09-26T23:16:04","modified_gmt":"2016-09-26T21:16:04","slug":"nach-den-demos-gegen-ceta-aufruf-zur-mitarbeit","status":"publish","type":"post","link":"https:\/\/www.friedenkoeln.de\/?p=9892","title":{"rendered":"Nach den Demos gegen CETA &#8211; Aufruf zur Mitarbeit"},"content":{"rendered":"<p><span style=\"font-size: medium;\">\u00dcber 500.000 Demonstranten bundesweit, davon allein 55.000 in K\u00f6ln am 17. 9. gegen CETA und TTIP \u2013 das macht Mut.<\/span><\/p>\n<p><span style=\"font-size: medium;\">Es gibt in Deutschland viele Menschen, die gegen eine Politik der Selbstentmachtung der gew\u00e4hlten Volksvertreter zugunsten von Klagerechten einzelner Gro\u00dfkonzerne gegen demokratisch legitimierte staatliche Entscheidungen auf die Stra\u00dfe gehen und sich der neoliberalen Politik der gro\u00dfen Koalition entgegenstellen. Der politische Preis, den die gro\u00dfe Koalition daf\u00fcr wird bezahlen m\u00fcssen, falls sie CETA durchwinkt, wird sich dann bei den n\u00e4chsten Wahlen zeigen.<\/span><\/p>\n<p><span style=\"font-size: medium;\"><b>Dies ist auch eine Ermutigung f\u00fcr unsere Friedensarbeit.<\/b><\/span><\/p>\n<p><span style=\"font-size: medium;\">Es ist m\u00f6glich, durchzusetzen, dass die Atomwaffen aus Deutschland verschwinden und eine weltweite \u00c4chtung der Atomwaffen nach dem Vorbild der biologischen und chemischen Waffen durch internationale Vertr\u00e4ge Wirklichkeit wird.<\/span><\/p>\n<p><span style=\"font-size: medium;\">Es ist m\u00f6glich, zu erreichen, dass die perspektivlose Politik der Wirtschaftssanktionen gegen Russland beendet wird und eine Politik der Verst\u00e4ndigung und des Interessenausgleichs im Rahmen der KSZE betrieben wird, so dass f\u00fcr die Ukraine eine Zukunftsperspektive des Friedens und guter Beziehungen sowohl zur EU als auch zu Russland entsteht.<\/span><\/p>\n<p><span style=\"font-size: medium;\">Der zum Scheitern verurteilte Krieg gegen den Terror kann beendet und ein Weg der Konfliktl\u00f6sung durch Verhandlungen und zivile Konfliktbearbeitung und der wirtschaftlichen Entwicklung im Nahen und Mittleren Osten beschritten werden.<\/span><\/p>\n<p><span style=\"font-size: medium;\">R\u00fcstungsexporte in Krisengebiete k\u00f6nnen verboten werden.<\/span><\/p>\n<p><span style=\"font-size: medium;\">Anstatt die R\u00fcstungsetats zu steigern, k\u00f6nnen diese Mittel zur L\u00f6sung der globalen \u00f6kologischen und sozialen Probleme verwendet werden.<\/span><\/p>\n<p><span style=\"font-size: medium;\">Es ist m\u00f6glich, die Kriegseins\u00e4tze der Bundeswehr zu stoppen und eine nachhaltige Strategie zur Abschaffung der Bundeswehr durchzusetzen.<br \/>\n<\/span><\/p>\n<p><span style=\"font-size: medium;\">Fl\u00fcchtlinge k\u00f6nnen freundlich aufgenommen, Fremdenfeindlichkeit und Nationalismus zur\u00fcckgedr\u00e4ngt werden. Die Strategie, Fl\u00fcchtlinge und Muslime zum S\u00fcndenbock f\u00fcr die Folgen der neoliberalen Politik zu machen, kann aufgedeckt und blo\u00dfgestellt werden.<\/span><\/p>\n<p><span style=\"font-size: medium;\">Vieles wird m\u00f6glich, wenn in gen\u00fcgender Zahl Menschen f\u00fcr ihre Interessen und Ideale aktiv werden und sich in den politischen Prozess einbringen.<\/span><\/p>\n<p><span style=\"font-size: medium;\">Gelegenheiten dazu sind die anstehenden <b>Demonstrationen am 3. 10. in Kalkar\/Essen <\/b>(<a href=\"http:\/\/demo-kalkar.de\/\">http:\/\/demo-kalkar.de\/<\/a>) <b>und am 8. 10. in Berlin <\/b>(<a href=\"http:\/\/friedensdemo.org\/\">http:\/\/friedensdemo.org\/<\/a>)<b>.<\/b><\/span><\/p>\n<p><span style=\"font-size: medium;\">Wir werden daf\u00fcr am Mittwoch, den 28. 9., von 16.00 &#8211; 18.30 Uhr auf der Schildergasse zusammen mit dem K\u00f6lner Friedensforum mit einer kleinen Kundgebung werben.<br \/>\n<\/span><\/p>\n<p><span style=\"font-size: medium;\">Aktuelle Diskussionsveranstaltungen, Konzerte, Filme, Theaterauff\u00fchrungen mit Bezug zu Krieg und Frieden sind hier auf unserer Homepage unter der Rubrik Termine zu finden (<a href=\"http:\/\/www.friedenkoeln.de\/?page_id=8701\">http:\/\/www.friedenkoeln.de\/?page_id=8701<\/a>). Wer m\u00f6chte, kann sich mit Erg\u00e4nzungen und Beitr\u00e4gen beteiligen.<\/span><\/p>\n<p><span style=\"font-size: medium;\">Unterst\u00fctzung ben\u00f6tigen wir bei der Vorbereitung einer Veranstaltung zum <b>125. Geburtstag unserer DFG<\/b> im November 2017 in unserer Stadt. Dies ist eine gute Gelegenheit, unsere Organisation bekannter zu machen und aus der Geschichte Schlussfolgerungen zu ziehen.<\/span><\/p>\n<p><span style=\"font-size: medium;\">Eine kleine Arbeitsgruppe, die an den Vorbereitungen arbeitet, braucht noch Deine Unterst\u00fctzung.<\/span><\/p>\n<p><span style=\"font-size: medium;\">Bitte schreibe eine mail an <a href=\"mailto:koeln@dfg-vk.de\">koeln@dfg-vk.de<\/a>, falls Du Dir eine Mitarbeit vorstellen kannst.<\/span><\/p>\n<p style=\"text-align: right;\" align=\"RIGHT\"><span style=\"font-size: medium;\">Harald Fuchs<\/span><\/p>\n","protected":false},"excerpt":{"rendered":"<p>\u00dcber 500.000 Demonstranten bundesweit, davon allein 55.000 in K\u00f6ln am 17. 9. gegen CETA und TTIP \u2013 das macht Mut. Es gibt in Deutschland viele Menschen, die gegen eine Politik der Selbstentmachtung der gew\u00e4hlten&#46;&#46;&#46;<\/p>\n","protected":false},"author":110,"featured_media":0,"comment_status":"open","ping_status":"open","sticky":false,"template":"","format":"standard","meta":{"footnotes":""},"categories":[2],"tags":[32,3],"class_list":["post-9892","post","type-post","status-publish","format-standard","hentry","category-aktionen","tag-information-diskussion","tag-pazifismus"],"_links":{"self":[{"href":"https:\/\/www.friedenkoeln.de\/index.php?rest_route=\/wp\/v2\/posts\/9892","targetHints":{"allow":["GET"]}}],"collection":[{"href":"https:\/\/www.friedenkoeln.de\/index.php?rest_route=\/wp\/v2\/posts"}],"about":[{"href":"https:\/\/www.friedenkoeln.de\/index.php?rest_route=\/wp\/v2\/types\/post"}],"author":[{"embeddable":true,"href":"https:\/\/www.friedenkoeln.de\/index.php?rest_route=\/wp\/v2\/users\/110"}],"replies":[{"embeddable":true,"href":"https:\/\/www.friedenkoeln.de\/index.php?rest_route=%2Fwp%2Fv2%2Fcomments&post=9892"}],"version-history":[{"count":4,"href":"https:\/\/www.friedenkoeln.de\/index.php?rest_route=\/wp\/v2\/posts\/9892\/revisions"}],"predecessor-version":[{"id":9896,"href":"https:\/\/www.friedenkoeln.de\/index.php?rest_route=\/wp\/v2\/posts\/9892\/revisions\/9896"}],"wp:attachment":[{"href":"https:\/\/www.friedenkoeln.de\/index.php?rest_route=%2Fwp%2Fv2%2Fmedia&parent=9892"}],"wp:term":[{"taxonomy":"category","embeddable":true,"href":"https:\/\/www.friedenkoeln.de\/index.php?rest_route=%2Fwp%2Fv2%2Fcategories&post=9892"},{"taxonomy":"post_tag","embeddable":true,"href":"https:\/\/www.friedenkoeln.de\/index.php?rest_route=%2Fwp%2Fv2%2Ftags&post=9892"}],"curies":[{"name":"wp","href":"https:\/\/api.w.org\/{rel}","templated":true}]}}