{"id":9897,"date":"2016-09-29T10:34:59","date_gmt":"2016-09-29T08:34:59","guid":{"rendered":"http:\/\/www.friedenkoeln.de\/?p=9897"},"modified":"2020-11-14T23:31:02","modified_gmt":"2020-11-14T21:31:02","slug":"stimmen-sie-fuer-das-atomwaffen-verbot-herr-steinmeier","status":"publish","type":"post","link":"https:\/\/www.friedenkoeln.de\/?p=9897","title":{"rendered":"Stimmen Sie f\u00fcr das Atomwaffen-Verbot, Herr Steinmeier"},"content":{"rendered":"<p class=\"what\"><img loading=\"lazy\" decoding=\"async\" class=\"alignnone size-full wp-image-9898\" src=\"http:\/\/www.friedenkoeln.de\/wp-content\/uploads\/2016\/09\/us_nuclear_weapons_test_in_nevada_in_1951.png\" alt=\"us_nuclear_weapons_test_in_nevada_in_1951\" width=\"150\" height=\"100\" \/>Im Oktober 2016 stimmen die 193 UN-Mitgliedsstaaten dar\u00fcber ab, ob ein Vertrag zum v\u00f6lkerrechtlichen Verbot von Atomwaffen verhandelt wird. Diese \u00c4chtung ist dringend n\u00f6tig, um die neue R\u00fcstungs-Spirale weltweit zu stoppen. Deutschlands Unterst\u00fctzung kann dem Verbot zum Durchbruch verhelfen.<\/p>\n<p class=\"what\">Aber die Bundesregierung weigert sich mitzumachen \u2013 weil die NATO auf Atomwaffen nicht verzichten will. Herr Au\u00dfenminister: Deutschland soll die Initiative zum Verbot von Atomwaffen nicht blockieren, sondern aktiv unterst\u00fctzen! Stimmen Sie in den Vereinten Nationen f\u00fcr das Verbot. Beteiligen Sie sich an den Verhandlungen. Setzen Sie sich f\u00fcr einen Vertragstext ein, der Atomwaffen klar und umfassend verbietet.<\/p>\n<p class=\"what\">Eine <a href=\"https:\/\/weact.campact.de\/petitions\/stimmen-sie-fur-das-atomwaffen-verbot-herr-steinmeier\">Petition<\/a> an den Au\u00dfenminister verdient unsere Unterst\u00fctzung.<\/p>\n","protected":false},"excerpt":{"rendered":"<p>Im Oktober 2016 stimmen die 193 UN-Mitgliedsstaaten dar\u00fcber ab, ob ein Vertrag zum v\u00f6lkerrechtlichen Verbot von Atomwaffen verhandelt wird. Diese \u00c4chtung ist dringend n\u00f6tig, um die neue R\u00fcstungs-Spirale weltweit zu stoppen. Deutschlands Unterst\u00fctzung kann&#46;&#46;&#46;<\/p>\n","protected":false},"author":110,"featured_media":9898,"comment_status":"open","ping_status":"open","sticky":false,"template":"","format":"standard","meta":{"footnotes":""},"categories":[2],"tags":[33],"class_list":["post-9897","post","type-post","status-publish","format-standard","has-post-thumbnail","hentry","category-aktionen","tag-atomwaffen"],"_links":{"self":[{"href":"https:\/\/www.friedenkoeln.de\/index.php?rest_route=\/wp\/v2\/posts\/9897","targetHints":{"allow":["GET"]}}],"collection":[{"href":"https:\/\/www.friedenkoeln.de\/index.php?rest_route=\/wp\/v2\/posts"}],"about":[{"href":"https:\/\/www.friedenkoeln.de\/index.php?rest_route=\/wp\/v2\/types\/post"}],"author":[{"embeddable":true,"href":"https:\/\/www.friedenkoeln.de\/index.php?rest_route=\/wp\/v2\/users\/110"}],"replies":[{"embeddable":true,"href":"https:\/\/www.friedenkoeln.de\/index.php?rest_route=%2Fwp%2Fv2%2Fcomments&post=9897"}],"version-history":[{"count":1,"href":"https:\/\/www.friedenkoeln.de\/index.php?rest_route=\/wp\/v2\/posts\/9897\/revisions"}],"predecessor-version":[{"id":9899,"href":"https:\/\/www.friedenkoeln.de\/index.php?rest_route=\/wp\/v2\/posts\/9897\/revisions\/9899"}],"wp:featuredmedia":[{"embeddable":true,"href":"https:\/\/www.friedenkoeln.de\/index.php?rest_route=\/wp\/v2\/media\/9898"}],"wp:attachment":[{"href":"https:\/\/www.friedenkoeln.de\/index.php?rest_route=%2Fwp%2Fv2%2Fmedia&parent=9897"}],"wp:term":[{"taxonomy":"category","embeddable":true,"href":"https:\/\/www.friedenkoeln.de\/index.php?rest_route=%2Fwp%2Fv2%2Fcategories&post=9897"},{"taxonomy":"post_tag","embeddable":true,"href":"https:\/\/www.friedenkoeln.de\/index.php?rest_route=%2Fwp%2Fv2%2Ftags&post=9897"}],"curies":[{"name":"wp","href":"https:\/\/api.w.org\/{rel}","templated":true}]}}