{"id":9901,"date":"2016-09-30T01:55:49","date_gmt":"2016-09-29T23:55:49","guid":{"rendered":"http:\/\/www.friedenkoeln.de\/?p=9901"},"modified":"2016-09-30T01:55:49","modified_gmt":"2016-09-29T23:55:49","slug":"solidaritaet-mit-sharo-garip-und-allen-friedensakademikern","status":"publish","type":"post","link":"https:\/\/www.friedenkoeln.de\/?p=9901","title":{"rendered":"Solidarit\u00e4t mit Sharo Garip und allen &#8222;Friedensakademikern&#8220;"},"content":{"rendered":"<div id=\"yiv2002651475yui_3_16_0_ym19_1_1475157100822_43882\" dir=\"ltr\">Der K\u00f6lner Absolvent und Wissenschaftler Sharo Garip sitzt seit \u00fcber acht Monaten in der T\u00fcrkei fest, weil er dort eine Petition der \u201eAkademiker f\u00fcr den Frieden\u201c unterschrieben hat. Sharo Garip ist deutscher Staatsangeh\u00f6rige.<\/div>\n<div id=\"yiv2002651475yui_3_16_0_ym19_1_1475157100822_43883\"><\/div>\n<div id=\"yiv2002651475yui_3_16_0_ym19_1_1475157100822_45031\">Nach acht Monaten l\u00e4\u00dft sich sagen: Die Politik der Bundesregierung gegen\u00fcber der T\u00fcrkei ist offenkundig keine gute Grundlage f\u00fcr eine diplomatische Unterst\u00fctzung des Engagement f\u00fcr Demokratie, Frieden und der Verwirklichung von Menschenrechten.<\/div>\n<div id=\"yiv2002651475yui_3_16_0_ym19_1_1475157100822_45032\" dir=\"ltr\"><\/div>\n<h5>Zivilgesellschaftliche Engagement ist hierf\u00fcr vielmehr entscheidend.<\/h5>\n<div id=\"yiv2002651475yui_3_16_0_ym19_1_1475157100822_45027\"><\/div>\n<div id=\"yiv2002651475yui_3_16_0_ym19_1_1475157100822_43895\"><\/div>\n<div id=\"yiv2002651475yui_3_16_0_ym19_1_1475157100822_45041\">Mit einen Offenen Brief richten sich deswegen\u00a0 Kulturschaffende, Hochschulangeh\u00f6rige, politisch Aktive und NGOs an Bundeskanzlerin Merkel und Au\u00dfenminister Steinmeier und greifen ein f\u00fcr die Wiederaufna<span id=\"yiv2002651475yui_3_16_0_ym19_1_1475157100822_43884\">hme von Friedensverhandlungen zwischen dem t\u00fcrkischen Staat und Vertretern kurdischer Organisationen, die Einhaltung von Menschen- und Freiheitsrechten sowie die Aufhebung des Ausreiseverbots von Sharo Garip.<\/span><\/div>\n<div id=\"yiv2002651475yui_3_16_0_ym19_1_1475157100822_43885\">\n<div id=\"yiv2002651475yui_3_16_0_ym19_1_1475157100822_43886\"><\/div>\n<div id=\"yiv2002651475yui_3_16_0_ym19_1_1475157100822_45057\" dir=\"ltr\">Der Offene Brief kann hier unterschrieben werden:<\/div>\n<div id=\"yiv2002651475yui_3_16_0_ym19_1_1475157100822_45058\" dir=\"ltr\"><a id=\"yiv2002651475yui_3_16_0_ym19_1_1475157100822_45085\" class=\"yiv2002651475\" href=\"http:\/\/solidaritaetsbrief.org\/\" target=\"_blank\" rel=\"nofollow\" shape=\"rect\">www.solidaritaetsbrief.org<\/a><\/div>\n<\/div>\n<div dir=\"ltr\"><\/div>\n<div dir=\"ltr\">Monitor-Bericht:<a href=\"http:\/\/www1.wdr.de\/daserste\/monitor\/videos\/video-deutscher-wissenschaftler-in-der-tuerkei-verfolgt-und-im-stich-gelassen-100.html\"> http:\/\/www1.wdr.de\/daserste\/monitor\/videos\/video-deutscher-wissenschaftler-in-der-tuerkei-verfolgt-und-im-stich-gelassen-100.html<\/a><\/div>\n","protected":false},"excerpt":{"rendered":"<p>Der K\u00f6lner Absolvent und Wissenschaftler Sharo Garip sitzt seit \u00fcber acht Monaten in der T\u00fcrkei fest, weil er dort eine Petition der \u201eAkademiker f\u00fcr den Frieden\u201c unterschrieben hat. Sharo Garip ist deutscher Staatsangeh\u00f6rige. Nach&#46;&#46;&#46;<\/p>\n","protected":false},"author":110,"featured_media":0,"comment_status":"open","ping_status":"open","sticky":false,"template":"","format":"standard","meta":{"footnotes":""},"categories":[],"tags":[8,29],"class_list":["post-9901","post","type-post","status-publish","format-standard","hentry","tag-kriminalisierung-von-antimilitarismus","tag-solidaritat"],"_links":{"self":[{"href":"https:\/\/www.friedenkoeln.de\/index.php?rest_route=\/wp\/v2\/posts\/9901","targetHints":{"allow":["GET"]}}],"collection":[{"href":"https:\/\/www.friedenkoeln.de\/index.php?rest_route=\/wp\/v2\/posts"}],"about":[{"href":"https:\/\/www.friedenkoeln.de\/index.php?rest_route=\/wp\/v2\/types\/post"}],"author":[{"embeddable":true,"href":"https:\/\/www.friedenkoeln.de\/index.php?rest_route=\/wp\/v2\/users\/110"}],"replies":[{"embeddable":true,"href":"https:\/\/www.friedenkoeln.de\/index.php?rest_route=%2Fwp%2Fv2%2Fcomments&post=9901"}],"version-history":[{"count":1,"href":"https:\/\/www.friedenkoeln.de\/index.php?rest_route=\/wp\/v2\/posts\/9901\/revisions"}],"predecessor-version":[{"id":9902,"href":"https:\/\/www.friedenkoeln.de\/index.php?rest_route=\/wp\/v2\/posts\/9901\/revisions\/9902"}],"wp:attachment":[{"href":"https:\/\/www.friedenkoeln.de\/index.php?rest_route=%2Fwp%2Fv2%2Fmedia&parent=9901"}],"wp:term":[{"taxonomy":"category","embeddable":true,"href":"https:\/\/www.friedenkoeln.de\/index.php?rest_route=%2Fwp%2Fv2%2Fcategories&post=9901"},{"taxonomy":"post_tag","embeddable":true,"href":"https:\/\/www.friedenkoeln.de\/index.php?rest_route=%2Fwp%2Fv2%2Ftags&post=9901"}],"curies":[{"name":"wp","href":"https:\/\/api.w.org\/{rel}","templated":true}]}}