{"id":9905,"date":"2016-10-08T19:37:37","date_gmt":"2016-10-08T17:37:37","guid":{"rendered":"http:\/\/www.friedenkoeln.de\/?p=9905"},"modified":"2016-10-08T19:37:37","modified_gmt":"2016-10-08T17:37:37","slug":"die-waffen-nieder-kooperation-statt-nato-konfrontation-abruestung-statt-sozialabbau","status":"publish","type":"post","link":"https:\/\/www.friedenkoeln.de\/?p=9905","title":{"rendered":"\u201eDie Waffen nieder \u2013 Kooperation statt NATO-Konfrontation \u2013 Abr\u00fcstung statt Sozialabbau\u201c"},"content":{"rendered":"<h6>Aufkl\u00e4rung\u00a0als Aufgabe der Friedensbewegung<\/h6>\n<p>Unter der Losung \u201eDie Waffen nieder \u2013 Kooperation statt NATO-Konfrontation \u2013 Abr\u00fcstung statt Sozialabbau\u201c\u00a0fand heute, am 8. Oktober 2016, in Berlin eine gro\u00dfe Friedensdemonstration statt. Wir, die DFG-VK Gruppe K\u00f6ln, unterst\u00fctzen die Forderungen des <a href=\"http:\/\/friedensdemo.org\/aufruf-zur-demonstration-am-08-10-2016-in-berlin\/\">Aufrufs<\/a> und freuen uns, dass zahlreiche K\u00f6lner an der Demo teilgenommen haben.<\/p>\n<p>Der Aufruf zur Demo <!--more-->enth\u00e4lt leider keine genauere Analyse der Positionierung der Russischen F\u00f6deration in der politisch-milit\u00e4rischen Konfrontation, die wir im Moment erleben. Es fehlen Angaben zu den Macht- und Territorialanspr\u00fcchen der russischen Regierung(en), welche nicht vereinbar mit globalen und regionalen Hegemonialanspr\u00fcchen westlicher Staaten sind und die Konfrontation begr\u00fcnden. Weiterhin fehlt die klare Benennung von Eskalationsschritten seitens der USA, bzw. des Westens: die K\u00fcndigung des ABM-Vertrags 2001, die Stationierung der \u201eAbwehrraketen\u201c und die Durchsetzung des EU-Assoziierungsabkommens mit der Ukraine nach dem gewaltsamen Putsch gegen die ukrainische Regierung und unter Missachtung der Bedenken wesentlicher Teile der ukrainischen Bev\u00f6lkerung.<\/p>\n<p>Nach Diskussion haben wir uns trotz dieser inhaltlichen Schw\u00e4chen des Aufrufs &#8211; und anders als der Bundessprecherkreis der DFG-VK &#8211; f\u00fcr eine Unterst\u00fctzung der Friedensdemonstration entschieden. Getreu unserer Grundsatzerkl\u00e4rung, nach der wir daran mitarbeiten wollen, Kriegsursachen zu beseitigen, bleibt es unser Anspruch, die unvereinbaren Interessen aller Konfliktparteien zu benennen und zu erkl\u00e4ren. \u201eErkl\u00e4ren\u201c bedeutet dabei selbstverst\u00e4ndlich nicht \u201eGuthei\u00dfen\u201c.<\/p>\n<p>Aus unserer Sicht gibt es keine Rechtfertigung f\u00fcr die Durchsetzung wie auch immer definierter eigener Interessen mit milit\u00e4rischen Mitteln &#8211; weder im Fall der USA, noch Deutschlands, noch Russlands oder irgendeiner anderen Konfliktpartei.<\/p>\n<p>Der von uns scharf kritisierte so genannte \u201eKrieg gegen den Terror\u201c, welcher nach den Anschl\u00e4gen vom 11. September 2001 vom damaligen US-Pr\u00e4sidenten George W. Bush verk\u00fcndet wurde, wird von zahlreichen Regierungen genutzt, um die gewaltsame Verfolgung eigener Interessen zu rechtfertigen. Auch die russische Regierung bezeichnete ihre Bombardierungen in der Tschetschenischen Republik innerhalb der Russischen F\u00f6deration ab 2001 als \u201eAntiterror-Operation\u201c. Seit dem Bundestagsbeschluss vom 4. Dezember 2015 befindet sich Deutschland ebenfalls im \u201eKrieg gegen den Terror\u201c. Der Beschluss enth\u00e4lt eine milit\u00e4rische Lagebeschreibung, die weder zeitlich, noch r\u00e4umlich oder durch klare Benennung von \u201eFreund\u201c und \u201eFeind\u201c eingegrenzt wurde und durch die jeweilige Bundesregierung nach eigenem Ermessen genutzt werden kann.<\/p>\n<p>Wir setzen darauf, dass die Friedensdemonstration in Berlin weitere Kr\u00e4fte der Zivilgesellschaft freisetzt, welche an der Aufkl\u00e4rung der Hintergr\u00fcnde der Kriege arbeiten, sich durch den Wust an allseitiger Kriegspropaganda zu den objektiven Erkenntnissen durchk\u00e4mpfen und damit die Voraussetzungen f\u00fcr eine R\u00fcckkehr zu Vernunft, Kooperation und Frieden schaffen.<\/p>\n","protected":false},"excerpt":{"rendered":"<p>Aufkl\u00e4rung\u00a0als Aufgabe der Friedensbewegung Unter der Losung \u201eDie Waffen nieder \u2013 Kooperation statt NATO-Konfrontation \u2013 Abr\u00fcstung statt Sozialabbau\u201c\u00a0fand heute, am 8. Oktober 2016, in Berlin eine gro\u00dfe Friedensdemonstration statt. Wir, die DFG-VK Gruppe K\u00f6ln,&#46;&#46;&#46;<\/p>\n","protected":false},"author":110,"featured_media":0,"comment_status":"open","ping_status":"open","sticky":false,"template":"","format":"standard","meta":{"footnotes":""},"categories":[2],"tags":[42,68,49,48,3],"class_list":["post-9905","post","type-post","status-publish","format-standard","hentry","category-aktionen","tag-abruestung","tag-bundesregierung","tag-bundestag","tag-bundeswehr","tag-pazifismus"],"_links":{"self":[{"href":"https:\/\/www.friedenkoeln.de\/index.php?rest_route=\/wp\/v2\/posts\/9905","targetHints":{"allow":["GET"]}}],"collection":[{"href":"https:\/\/www.friedenkoeln.de\/index.php?rest_route=\/wp\/v2\/posts"}],"about":[{"href":"https:\/\/www.friedenkoeln.de\/index.php?rest_route=\/wp\/v2\/types\/post"}],"author":[{"embeddable":true,"href":"https:\/\/www.friedenkoeln.de\/index.php?rest_route=\/wp\/v2\/users\/110"}],"replies":[{"embeddable":true,"href":"https:\/\/www.friedenkoeln.de\/index.php?rest_route=%2Fwp%2Fv2%2Fcomments&post=9905"}],"version-history":[{"count":2,"href":"https:\/\/www.friedenkoeln.de\/index.php?rest_route=\/wp\/v2\/posts\/9905\/revisions"}],"predecessor-version":[{"id":9907,"href":"https:\/\/www.friedenkoeln.de\/index.php?rest_route=\/wp\/v2\/posts\/9905\/revisions\/9907"}],"wp:attachment":[{"href":"https:\/\/www.friedenkoeln.de\/index.php?rest_route=%2Fwp%2Fv2%2Fmedia&parent=9905"}],"wp:term":[{"taxonomy":"category","embeddable":true,"href":"https:\/\/www.friedenkoeln.de\/index.php?rest_route=%2Fwp%2Fv2%2Fcategories&post=9905"},{"taxonomy":"post_tag","embeddable":true,"href":"https:\/\/www.friedenkoeln.de\/index.php?rest_route=%2Fwp%2Fv2%2Ftags&post=9905"}],"curies":[{"name":"wp","href":"https:\/\/api.w.org\/{rel}","templated":true}]}}