{"id":9912,"date":"2016-10-12T23:29:44","date_gmt":"2016-10-12T21:29:44","guid":{"rendered":"http:\/\/www.friedenkoeln.de\/?p=9912"},"modified":"2016-10-14T17:26:47","modified_gmt":"2016-10-14T15:26:47","slug":"koelner-demonstrierten-in-berlin-die-waffen-nieder","status":"publish","type":"post","link":"https:\/\/www.friedenkoeln.de\/?p=9912","title":{"rendered":"K\u00f6lner demonstrierten in Berlin: &#8222;Die Waffen nieder!&#8220;"},"content":{"rendered":"<p>Am Samstag, den 10. Oktober 2016 fuhren\u00a0Gruppen aus Dutzenden deutscher St\u00e4dte und Regionen nach Berlin, um an der Demonstration &#8222;Die Waffen nieder! Kooperation statt NATO-Konfrontation!&#8220; teilzunehmen. Auch die K\u00f6lner Gruppe war unter den mehreren Tausend<br \/>\nTeilnehmerinnen und Teilnehmern sichtbar vertreten. <!--more-->Aus K\u00f6ln hatten u. a. die attac Gruppe K\u00f6ln, das K\u00f6lner Friedensforum, die DFG-VK Gruppe K\u00f6ln zur Teilnahme an der Demo aufgerufen.<\/p>\n<div id=\"attachment_9913\" style=\"width: 330px\" class=\"wp-caption alignright\"><img loading=\"lazy\" decoding=\"async\" aria-describedby=\"caption-attachment-9913\" class=\"wp-image-9913 size-medium\" src=\"http:\/\/www.friedenkoeln.de\/wp-content\/uploads\/2016\/10\/20161008_150845-320x320.jpg\" width=\"320\" height=\"320\" \/><p id=\"caption-attachment-9913\" class=\"wp-caption-text\">Karneval in Berlin? K\u00f6lner vor dem Brandenburger Tor<\/p><\/div>\n<p>Eine Live-<a href=\"https:\/\/deutsch.rt.com\/live\/41705-live--waffen-nieder-demonstration\/\">Videodokumentation<\/a> besorgte das deutsche Programm des russischen Staatssenders RT.\u00a0Hier k\u00f6nnen alle, die nicht dabei waren, sich ein Bild von der Stimmung machen: ab 1:19 Std. beginnt\u00a0das inhaltliche Programm mit dem\u00a0Gedicht &#8222;Das Ged\u00e4chtnis der Menschheit&#8220; von Bertold Brecht aus dem Jahr 1952. Es folgt ein Lied \u00fcber den Maidan in Kiew, vorgetragen von einem deutsch-russisch-ukrainischen Ensemble, und Reden unter anderem von Reiner Braun, Gesch\u00e4ftsf\u00fchrer der IALANA, und Sarah Wagenknecht, Fraktionsvorsitzende\u00a0der Partei Die Linke im Bundestag.<\/p>\n<p>&nbsp;<\/p>\n<p>&nbsp;<\/p>\n<p>&nbsp;<\/p>\n<p>&nbsp;<\/p>\n<p>&nbsp;<\/p>\n<p>&nbsp;<\/p>\n<hr \/>\n<p>Im Folgenden der Text der Pressemitteilung der Veranstalter:<\/p>\n<p><strong>Veranstalter zufrieden mit Demonstration \u201eDie Waffen nieder!\u201c<\/strong><\/p>\n<p><strong>Forderungen an die Politik:\u00a0R\u00fcstungsausgaben zur\u00fcckfahren, keine Auslandseins\u00e4tze der Bundeswehr, zivile Konfliktl\u00f6sungen voranbringen<br \/>\n<\/strong><\/p>\n<p>Nach Abschluss der erfolgreich und friedlich verlaufenden von 8.000 Menschen bundesweit besuchten Friedensdemonstration \u201eDie Waffen nieder!\u201cam 8. Oktober durch die Mitte Berlins wenden sich die Veranstalterinnen und Veranstalter an die Fraktionsvorsitzenden im Deutschen Bundestag. Sie tragen ihnen drei zentrale Forderungen vor, die sie aus den Beitr\u00e4gen auf der Demonstration res\u00fcmieren:<\/p>\n<p><strong>R\u00fcstung k\u00fcrzen<\/strong><\/p>\n<p>Die bislang vorliegenden Pl\u00e4ne f\u00fcr die Verteidigungsausgaben des kommenden Haushaltjahres summieren sich auf die enorme Summe von 40 Milliarden Euro. Das w\u00fcrde einen Anteil von 1,2% am BIP bedeuten. Das von der NATO vorgegebene und f\u00fcr die Zukunft anvisierte Ziel liegt sogar bei 2%. Die Friedensbewegung fordert: Statt die Bundeswehr f\u00fcr weltweite Eins\u00e4tze aufzur\u00fcsten muss es eine drastische Reduzierung der Verteidigungsausgaben und eine Umverteilung auf soziale und \u00f6kologische Belange geben.<\/p>\n<p><strong>Keine Auslandseins\u00e4tze der Bundeswehr<\/strong><\/p>\n<p>Deutschland ist direkt oder durch logistische Hilfestellungen an vielen aktuellen Kriegsschaupl\u00e4tzen beteiligt. Dazu geh\u00f6ren z.B. Afghanistan, Irak, Libyen, Syrien, Jemen, Mali und der Krieg in der Ukraine. Diese Kriegseins\u00e4tze bringen Tod und Verderben \u00fcber die Menschen, sie l\u00f6sen nicht Konflikte sondern vertiefen sie. Die Friedensbewegung fordert das Ende der Beteiligung der Bundeswehr an allen Kriegseins\u00e4tzen und den sofortigen Stopp deutscher Waffenexporte die Konflikte anheizen.<\/p>\n<p><strong>Zivile Konfliktl\u00f6sungen f\u00f6rdern<\/strong><\/p>\n<p>Die Friedensbewegung erkennt, Krieg schafft keinen Frieden. Er t\u00f6tet und traumatisiert die Menschen, destabilisiert ganze Regionen und globalisiert Konflikte. Die Friedensbewegung fordert von der Politik, die Logik des Krieges zu durchbrechen und sich der Logik des Friedens zu \u00f6ffnen. Eine dual verzahnte Strategie von milit\u00e4risch und zivil lehnt die Friedensbewegung ab. Stattdessen m\u00fcssen die Strukturen friedlicher ziviler Konfliktl\u00f6sung materiell viel besser ausgestattet werden. \u00dcber Dialog f\u00fchrt der Weg zu weltweiter Abr\u00fcstung und einem auf Ausgleich basierendem System gemeinsamer internationaler Sicherheit.<\/p>\n<p>Die Friedensbewegung stellt sich der Diskussion dieser Forderungen. Sie wird sich tatkr\u00e4ftig in ihren Gruppen, Organisationen und Initiativen daf\u00fcr engagieren, sie immer wieder \u00f6ffentlich vorzutragen. Der 8. Oktober war ein Anfang.<\/p>\n<p><em>Die Veranstalter der Demonstration \u201eDie Waffen nieder!\u201c vom 8. Oktober 2016<\/em><\/p>\n<p><em>Berlin, den<\/em><em>\u00a09. Oktober 2016<\/em><br \/>\n<a href=\"http:\/\/www.friedensdemo.org\/\">www.friedensdemo.org<\/a><\/p>\n","protected":false},"excerpt":{"rendered":"<p>Am Samstag, den 10. Oktober 2016 fuhren\u00a0Gruppen aus Dutzenden deutscher St\u00e4dte und Regionen nach Berlin, um an der Demonstration &#8222;Die Waffen nieder! Kooperation statt NATO-Konfrontation!&#8220; teilzunehmen. Auch die K\u00f6lner Gruppe war unter den mehreren&#46;&#46;&#46;<\/p>\n","protected":false},"author":110,"featured_media":9913,"comment_status":"open","ping_status":"open","sticky":false,"template":"","format":"standard","meta":{"footnotes":""},"categories":[2],"tags":[42,33,3],"class_list":["post-9912","post","type-post","status-publish","format-standard","has-post-thumbnail","hentry","category-aktionen","tag-abruestung","tag-atomwaffen","tag-pazifismus"],"_links":{"self":[{"href":"https:\/\/www.friedenkoeln.de\/index.php?rest_route=\/wp\/v2\/posts\/9912","targetHints":{"allow":["GET"]}}],"collection":[{"href":"https:\/\/www.friedenkoeln.de\/index.php?rest_route=\/wp\/v2\/posts"}],"about":[{"href":"https:\/\/www.friedenkoeln.de\/index.php?rest_route=\/wp\/v2\/types\/post"}],"author":[{"embeddable":true,"href":"https:\/\/www.friedenkoeln.de\/index.php?rest_route=\/wp\/v2\/users\/110"}],"replies":[{"embeddable":true,"href":"https:\/\/www.friedenkoeln.de\/index.php?rest_route=%2Fwp%2Fv2%2Fcomments&post=9912"}],"version-history":[{"count":12,"href":"https:\/\/www.friedenkoeln.de\/index.php?rest_route=\/wp\/v2\/posts\/9912\/revisions"}],"predecessor-version":[{"id":9917,"href":"https:\/\/www.friedenkoeln.de\/index.php?rest_route=\/wp\/v2\/posts\/9912\/revisions\/9917"}],"wp:featuredmedia":[{"embeddable":true,"href":"https:\/\/www.friedenkoeln.de\/index.php?rest_route=\/wp\/v2\/media\/9913"}],"wp:attachment":[{"href":"https:\/\/www.friedenkoeln.de\/index.php?rest_route=%2Fwp%2Fv2%2Fmedia&parent=9912"}],"wp:term":[{"taxonomy":"category","embeddable":true,"href":"https:\/\/www.friedenkoeln.de\/index.php?rest_route=%2Fwp%2Fv2%2Fcategories&post=9912"},{"taxonomy":"post_tag","embeddable":true,"href":"https:\/\/www.friedenkoeln.de\/index.php?rest_route=%2Fwp%2Fv2%2Ftags&post=9912"}],"curies":[{"name":"wp","href":"https:\/\/api.w.org\/{rel}","templated":true}]}}