{"id":9956,"date":"2016-10-22T07:53:36","date_gmt":"2016-10-22T05:53:36","guid":{"rendered":"http:\/\/www.friedenkoeln.de\/?p=9956"},"modified":"2016-10-22T07:53:36","modified_gmt":"2016-10-22T05:53:36","slug":"heute-in-koeln-fuer-den-stopp-von-ceta-unterschreiben","status":"publish","type":"post","link":"https:\/\/www.friedenkoeln.de\/?p=9956","title":{"rendered":"Heute: in K\u00f6ln f\u00fcr den Stopp von CETA unterschreiben!"},"content":{"rendered":"<p>Die belgische Wallonie hat ein Veto gegen die Unterzeichnung des so genannten Handelsabkommens CETA eingelegt und damit den Abschluss des Abkommens, der n\u00e4chste Woche geplant war, blockiert. In Nordrhein-Westfalen arbeitet die <a href=\"https:\/\/nrw-gegen-ceta.de\">Volksinitiative NRW gegen CETA und TTIP<\/a> daran, die Unterschriften von mindestens\u00a066.322 B\u00fcrgerinnen und B\u00fcrgern des Landes zu erhalten. <!--more-->Diese Anzahl wird ben\u00f6tigt, um den Landtag zu zwingen, sich\u00a0mit der Volksinitiative zu befassen. Das Ziel besteht darin zu erreichen, dass Nordrhein-Westfalen CETA im Bundesrat ablehnt.<\/p>\n<p>In K\u00f6ln und Umgebung werden hier heute St\u00e4nde sein, bei denen man unterzeichnen kann:<\/p>\n<p>22.10.2016, 10 \u2013 15 Uhr: Aktion: Stop CETA &amp; TTIP \u2013 Hauptstr. 185,\u00a0<strong>Bergisch Gladbach<\/strong><\/p>\n<p>21.10.2016, 19:30 Uhr: Br\u00fchler B\u00fcrgerb\u00fcndnis gegen Freihandelsabkommen \u2013 Gasthaus zur Eule, Schulstr. 25,\u00a0<strong>Br\u00fchl<\/strong><\/p>\n<p>22.10.2016, 11 \u2013 15 Uhr: Infostand: Stop CETA &amp; TTIP \u2013 Breite Stra\u00dfe \/ Rudolfplatz \/ Schildergasse \/ Wallrafplatz,\u00a0<strong>K\u00f6ln<\/strong><\/p>\n<p>22.10.2016, 11 \u2013 13 Uhr: Infostand: Stop CETA &amp; TTIP \u2013 Bergische Landstra\u00dfe,\u00a0<strong>Leverkusen<\/strong><\/p>\n<p><img loading=\"lazy\" decoding=\"async\" class=\"alignnone size-full wp-image-9958 alignleft\" src=\"http:\/\/www.friedenkoeln.de\/wp-content\/uploads\/2016\/10\/nottipK\u00f6lnLogo1.png\" alt=\"nottipkoelnlogo1\" width=\"380\" height=\"380\" srcset=\"https:\/\/www.friedenkoeln.de\/wp-content\/uploads\/2016\/10\/nottipK\u00f6lnLogo1.png 380w, https:\/\/www.friedenkoeln.de\/wp-content\/uploads\/2016\/10\/nottipK\u00f6lnLogo1-150x150.png 150w\" sizes=\"auto, (max-width: 380px) 100vw, 380px\" \/><\/p>\n<p>Zahlreiche weitere <a href=\"https:\/\/nrw-gegen-ceta.de\/termine\/\">St\u00e4nde<\/a> sind hier aufgelistet. Infomaterial gibt es auch beim <a href=\"http:\/\/no-ttip-koeln.de\">K\u00f6lner B\u00fcndnis gegen TTIP<\/a>\u00a0.<\/p>\n<p>Wir unterst\u00fctzen die Kampagne gegen die so genannten Handelsabkommen TTIP und CETA. Der Bundesausschuss Friedensratschlag 2016 <a href=\"https:\/\/www.dfg-vk.de\/pazifismus\/friedenspolitische-forderungen-des-bundesausschusses-friedensratschlag-2016\">beschloss<\/a> am 4. Dezember 2015:<\/p>\n<p class=\"western\" align=\"left\">&#8222;Im Kampf gegen den Verlust von weltweiter wirtschaftlicher und politischer Dominanz versuchen Nordamerika und die EU sich mit sogenannten Freihandelsabkommen gegen die Herausbildung einer multipolaren Weltordnung zu stemmen. In Wirklichkeit bedeuten diese den Freibrief f\u00fcr einen von Gro\u00dfkonzernen dominierten Markt. Die Souver\u00e4nit\u00e4t der Vertragsstaaten soll eliminiert, die Entm\u00fcndigung der B\u00fcrgerInnen und ihrer demokratischen Institutionen vorangetrieben werden. Mit der Entmachtung parlamentarischer Entscheidungen sollen erk\u00e4mpfte Arbeits-, Sozial-, Umwelt-, Datenschutz- und Verbraucherschutzstandards gesenkt sowie \u00f6ffentliche Dienstleistungen (z. B. Wasserversorgung) und Kulturg\u00fcter dereguliert werden. Das geht einher mit unglaubw\u00fcrdigen Arbeitsplatzversprechungen.<\/p>\n<p align=\"left\"><em>Wir fordern:<\/em>\u00a0<em>Die TTIP und TISA-Verhandlungen sind zu stoppen. Das bereits ausgehandelte CETA-Abkommen darf nicht von der EU abgesegnet werden.&#8220;<\/em><\/p>\n<p>&nbsp;<\/p>\n<p>&nbsp;<\/p>\n<p>&nbsp;<\/p>\n","protected":false},"excerpt":{"rendered":"<p>Die belgische Wallonie hat ein Veto gegen die Unterzeichnung des so genannten Handelsabkommens CETA eingelegt und damit den Abschluss des Abkommens, der n\u00e4chste Woche geplant war, blockiert. In Nordrhein-Westfalen arbeitet die Volksinitiative NRW gegen&#46;&#46;&#46;<\/p>\n","protected":false},"author":110,"featured_media":9958,"comment_status":"open","ping_status":"open","sticky":false,"template":"","format":"standard","meta":{"footnotes":""},"categories":[2],"tags":[40],"class_list":["post-9956","post","type-post","status-publish","format-standard","has-post-thumbnail","hentry","category-aktionen","tag-demokratie"],"_links":{"self":[{"href":"https:\/\/www.friedenkoeln.de\/index.php?rest_route=\/wp\/v2\/posts\/9956","targetHints":{"allow":["GET"]}}],"collection":[{"href":"https:\/\/www.friedenkoeln.de\/index.php?rest_route=\/wp\/v2\/posts"}],"about":[{"href":"https:\/\/www.friedenkoeln.de\/index.php?rest_route=\/wp\/v2\/types\/post"}],"author":[{"embeddable":true,"href":"https:\/\/www.friedenkoeln.de\/index.php?rest_route=\/wp\/v2\/users\/110"}],"replies":[{"embeddable":true,"href":"https:\/\/www.friedenkoeln.de\/index.php?rest_route=%2Fwp%2Fv2%2Fcomments&post=9956"}],"version-history":[{"count":2,"href":"https:\/\/www.friedenkoeln.de\/index.php?rest_route=\/wp\/v2\/posts\/9956\/revisions"}],"predecessor-version":[{"id":9959,"href":"https:\/\/www.friedenkoeln.de\/index.php?rest_route=\/wp\/v2\/posts\/9956\/revisions\/9959"}],"wp:featuredmedia":[{"embeddable":true,"href":"https:\/\/www.friedenkoeln.de\/index.php?rest_route=\/wp\/v2\/media\/9958"}],"wp:attachment":[{"href":"https:\/\/www.friedenkoeln.de\/index.php?rest_route=%2Fwp%2Fv2%2Fmedia&parent=9956"}],"wp:term":[{"taxonomy":"category","embeddable":true,"href":"https:\/\/www.friedenkoeln.de\/index.php?rest_route=%2Fwp%2Fv2%2Fcategories&post=9956"},{"taxonomy":"post_tag","embeddable":true,"href":"https:\/\/www.friedenkoeln.de\/index.php?rest_route=%2Fwp%2Fv2%2Ftags&post=9956"}],"curies":[{"name":"wp","href":"https:\/\/api.w.org\/{rel}","templated":true}]}}