{"id":9960,"date":"2016-10-23T08:00:22","date_gmt":"2016-10-23T06:00:22","guid":{"rendered":"http:\/\/www.friedenkoeln.de\/?p=9960"},"modified":"2016-10-22T10:15:37","modified_gmt":"2016-10-22T08:15:37","slug":"us-friedensbewegung-an-nato-laender-haende-weg-von-syrien","status":"publish","type":"post","link":"https:\/\/www.friedenkoeln.de\/?p=9960","title":{"rendered":"US-Friedensbewegung an NATO-L\u00e4nder: H\u00e4nde weg von Syrien!"},"content":{"rendered":"<p>&nbsp;<\/p>\n<p>Zahlreiche Organisationen und Pers\u00f6nlichkeiten der Friedensbewegung in den USA fordern die Regierungen der USA, der NATO-L\u00e4nder und die ihrer regionalen Verb\u00fcndeten dringend auf, die &#8222;Regimewechsel-Intervention durch die USA, die NATO und ihre regionalen Verb\u00fcndeten und die T\u00f6tung unschuldiger Menschen in Syrien\u00a0zu beenden&#8220;.<\/p>\n<p>Sie weisen die wesentliche Verantwortung f\u00fcr den andauernden Krieg in Syrien den Regierungen dieser L\u00e4nder zu, warnen vor der\u00a0Gefahr einer Ausweitung des Krieges auf eine direkte Konfrontation zwischen den Atomm\u00e4chten USA und Russland und verlangen:<\/p>\n<p>&#8222;Ein sofortiges Ende der U.S.-Politik des erzwungenen Regimewechsels in Syrien und die volle Anerkennung und Einhaltung der Grunds\u00e4tze des V\u00f6lkerrechts und der U.N.-Charta durch die USA, die NATO und ihre Verb\u00fcndeten, einschlie\u00dflich der Achtung f\u00fcr die Unabh\u00e4ngigkeit und die territoriale Integrit\u00e4t Syriens.<\/p>\n<p>Ein sofortiges Ende aller ausl\u00e4ndischen Aggressionen gegen Syrien und ernsthafte Bem\u00fchungen um eine politische L\u00f6sung des Krieges.<\/p>\n<p>Ein sofortiges Ende aller milit\u00e4rischen, finanziellen, logistischen und nachrichtendienstlichen Unterst\u00fctzung durch die USA, die NATO und ihre regionalen Verb\u00fcndeten f\u00fcr die ausl\u00e4ndischen S\u00f6ldner und Extremisten im Nahen Osten.<\/p>\n<p>Ein sofortiges Ende der Wirtschaftssanktionen gegen Syrien. Massive internationale Hilfe f\u00fcr Vertriebene in Syrien und syrische Fl\u00fcchtlinge im Ausland.&#8220;<\/p>\n<p>Der Aufruf liegt in <a href=\"https:\/\/cooptv.wordpress.com\/2016\/10\/17\/an-die-usa-nato-haende-weg-von-syrien-eine-dringende-botschaft-fuer-den-frieden-angesichts-der-gefahr-eines-groesseren-krieges\/\">deutscher \u00dcbersetzung<\/a> vor und kann <a href=\"http:\/\/handsoffsyriacoalition.net\">hier<\/a> unterzeichnet werden.<\/p>\n","protected":false},"excerpt":{"rendered":"<p>&nbsp; Zahlreiche Organisationen und Pers\u00f6nlichkeiten der Friedensbewegung in den USA fordern die Regierungen der USA, der NATO-L\u00e4nder und die ihrer regionalen Verb\u00fcndeten dringend auf, die &#8222;Regimewechsel-Intervention durch die USA, die NATO und ihre regionalen&#46;&#46;&#46;<\/p>\n","protected":false},"author":110,"featured_media":0,"comment_status":"open","ping_status":"open","sticky":false,"template":"","format":"standard","meta":{"footnotes":""},"categories":[2],"tags":[68,40],"class_list":["post-9960","post","type-post","status-publish","format-standard","hentry","category-aktionen","tag-bundesregierung","tag-demokratie"],"_links":{"self":[{"href":"https:\/\/www.friedenkoeln.de\/index.php?rest_route=\/wp\/v2\/posts\/9960","targetHints":{"allow":["GET"]}}],"collection":[{"href":"https:\/\/www.friedenkoeln.de\/index.php?rest_route=\/wp\/v2\/posts"}],"about":[{"href":"https:\/\/www.friedenkoeln.de\/index.php?rest_route=\/wp\/v2\/types\/post"}],"author":[{"embeddable":true,"href":"https:\/\/www.friedenkoeln.de\/index.php?rest_route=\/wp\/v2\/users\/110"}],"replies":[{"embeddable":true,"href":"https:\/\/www.friedenkoeln.de\/index.php?rest_route=%2Fwp%2Fv2%2Fcomments&post=9960"}],"version-history":[{"count":3,"href":"https:\/\/www.friedenkoeln.de\/index.php?rest_route=\/wp\/v2\/posts\/9960\/revisions"}],"predecessor-version":[{"id":9963,"href":"https:\/\/www.friedenkoeln.de\/index.php?rest_route=\/wp\/v2\/posts\/9960\/revisions\/9963"}],"wp:attachment":[{"href":"https:\/\/www.friedenkoeln.de\/index.php?rest_route=%2Fwp%2Fv2%2Fmedia&parent=9960"}],"wp:term":[{"taxonomy":"category","embeddable":true,"href":"https:\/\/www.friedenkoeln.de\/index.php?rest_route=%2Fwp%2Fv2%2Fcategories&post=9960"},{"taxonomy":"post_tag","embeddable":true,"href":"https:\/\/www.friedenkoeln.de\/index.php?rest_route=%2Fwp%2Fv2%2Ftags&post=9960"}],"curies":[{"name":"wp","href":"https:\/\/api.w.org\/{rel}","templated":true}]}}