{"id":9969,"date":"2016-10-24T08:36:44","date_gmt":"2016-10-24T06:36:44","guid":{"rendered":"http:\/\/www.friedenkoeln.de\/?p=9969"},"modified":"2020-11-14T23:30:20","modified_gmt":"2020-11-14T21:30:20","slug":"vom-toeten-leben-film-preview-in-koeln-mit-juergen-graesslin-und-wolfgang-landgraeber","status":"publish","type":"post","link":"https:\/\/www.friedenkoeln.de\/?p=9969","title":{"rendered":"&#8222;Vom T\u00f6ten leben&#8220; &#8211; Film-Preview in K\u00f6ln mit J\u00fcrgen Gr\u00e4sslin und Wolfgang Landgraeber"},"content":{"rendered":"<p>Wie leben Menschen in einer Stadt, in der viele ihrer Bewohner seit Generationen Kriegswaffen herstellen? Dieser Frage geht Wolfgang Landgraeber in Oberndorf am Neckar nach, wo er vor drei\u00dfig Jahren &#8211; auf dem H\u00f6hepunkt der Friedensbewegung &#8211; den Dokumentarfilm &#8222;Fern vom Krieg&#8220; gedreht hatte.<\/p>\n<p>Was hat sich seitdem ge\u00e4ndert? Wie denken die Menschen<!--more--> in der Stadt, Friedensaktivisten und Gewerkschafter heute? Wolfgang Landgraeber konfrontiert sie mit seinen Fragen und versucht, auch mit Besch\u00e4ftigten des R\u00fcstungskonzerns Heckler &amp; Koch ins Gespr\u00e4ch zu kommen. Dieser produziert die von Milit\u00e4rs und Terroristen gleicherma\u00dfen gesch\u00e4tzten Sturmgewehre G3 und G36 und exportiert sie in alle Welt.<\/p>\n<p>Millionen Menschen haben durch Waffen aus Oberndorf ihr Leben verloren &#8211; durchschnittlich alle 15 Minuten kommt nach Sch\u00e4tzungen von Friedensgruppen ein Toter hinzu. Wie gehen die Oberndorfer mit diesen Tatsachen um?<\/p>\n<p>&#8222;Vom T\u00f6ten leben&#8220; zeigt die Kriegsschaupl\u00e4tze im Nahen Osten, in Afrika und auf dem Balkan, wo noch immer mit Heckler &amp; Koch-Waffen gek\u00e4mpft wird. Der Film besch\u00e4ftigt sich mit der gro\u00dfen Frage nach Krieg oder Frieden, konzentriert auf eine kleine, idyllische Stadt und ihre Bewohner.<\/p>\n<p>Im Anschluss an die Filmvorf\u00fchrung wird es Gelegenheit zu einem Gespr\u00e4ch mit dem Filmteam und der Redaktion geben. Zu Gast ist der bekannte Publizist und Friedensaktivist <a href=\"http:\/\/www.juergengraesslin.com\">J\u00fcrgen Gr\u00e4sslin<\/a>, Bundessprecher der DFG-VK.<\/p>\n<hr \/>\n<p>Donnerstag, 27. Oktober 2016, um\u00a019:30\u00a0Uhr, Eintritt frei<\/p>\n<p><span class=\"location\">K\u00f6ln: Filmforum NRW \/ Museum Ludwig (direkt am Dom),\u00a0<\/span><span class=\"street-address\">Bischofsgartenstra\u00dfe\u00a01<\/span>\u00a050667\u00a0<span class=\"locality\">K\u00f6ln<\/span><\/p>\n<p><strong>Wir bitten um eine kurze Anmeldung an dokfilm@wdr.de.<\/strong><\/p>\n<p>Quelle: http:\/\/termine.ksta.de\/veranstaltung\/16749625_preview-vom-toeten-leben-kostenlos-koeln-filmforum-nrw-museum-ludwig-direkt-am-dom-koeln \u00a92016<\/p>\n","protected":false},"excerpt":{"rendered":"<p>Wie leben Menschen in einer Stadt, in der viele ihrer Bewohner seit Generationen Kriegswaffen herstellen? Dieser Frage geht Wolfgang Landgraeber in Oberndorf am Neckar nach, wo er vor drei\u00dfig Jahren &#8211; auf dem H\u00f6hepunkt&#46;&#46;&#46;<\/p>\n","protected":false},"author":110,"featured_media":0,"comment_status":"open","ping_status":"open","sticky":false,"template":"","format":"standard","meta":{"footnotes":""},"categories":[104],"tags":[37],"class_list":["post-9969","post","type-post","status-publish","format-standard","hentry","category-ankuendigung","tag-ruestungsexporte"],"_links":{"self":[{"href":"https:\/\/www.friedenkoeln.de\/index.php?rest_route=\/wp\/v2\/posts\/9969","targetHints":{"allow":["GET"]}}],"collection":[{"href":"https:\/\/www.friedenkoeln.de\/index.php?rest_route=\/wp\/v2\/posts"}],"about":[{"href":"https:\/\/www.friedenkoeln.de\/index.php?rest_route=\/wp\/v2\/types\/post"}],"author":[{"embeddable":true,"href":"https:\/\/www.friedenkoeln.de\/index.php?rest_route=\/wp\/v2\/users\/110"}],"replies":[{"embeddable":true,"href":"https:\/\/www.friedenkoeln.de\/index.php?rest_route=%2Fwp%2Fv2%2Fcomments&post=9969"}],"version-history":[{"count":3,"href":"https:\/\/www.friedenkoeln.de\/index.php?rest_route=\/wp\/v2\/posts\/9969\/revisions"}],"predecessor-version":[{"id":9972,"href":"https:\/\/www.friedenkoeln.de\/index.php?rest_route=\/wp\/v2\/posts\/9969\/revisions\/9972"}],"wp:attachment":[{"href":"https:\/\/www.friedenkoeln.de\/index.php?rest_route=%2Fwp%2Fv2%2Fmedia&parent=9969"}],"wp:term":[{"taxonomy":"category","embeddable":true,"href":"https:\/\/www.friedenkoeln.de\/index.php?rest_route=%2Fwp%2Fv2%2Fcategories&post=9969"},{"taxonomy":"post_tag","embeddable":true,"href":"https:\/\/www.friedenkoeln.de\/index.php?rest_route=%2Fwp%2Fv2%2Ftags&post=9969"}],"curies":[{"name":"wp","href":"https:\/\/api.w.org\/{rel}","templated":true}]}}