{"id":9981,"date":"2016-10-31T00:23:13","date_gmt":"2016-10-30T22:23:13","guid":{"rendered":"http:\/\/www.friedenkoeln.de\/?p=9981"},"modified":"2020-11-14T23:30:09","modified_gmt":"2020-11-14T21:30:09","slug":"deutschland-stimmt-in-der-un-vollversammlung-gegen-verhandlungen-ueber-ein-verbot-aller-atomwaffen","status":"publish","type":"post","link":"https:\/\/www.friedenkoeln.de\/?p=9981","title":{"rendered":"Deutschland stimmt in der UN-Vollversammlung gegen Verhandlungen \u00fcber ein Verbot aller Atomwaffen"},"content":{"rendered":"<p>Folgender Beitrag von Birgit Malzahn und L\u00fchr Henken vom Bundesausschu\u00df Friedensratschlag verdient Beachtung und Verbreitung:<\/p>\n<div><strong><em>Die Vereinten Nationen wollen \u00fcber ein Verbot aller Atomwaffen verhandeln. <\/em><\/strong><\/div>\n<div><strong><em>Widerstand kommt von den Atomm\u00e4chten USA, Russland, Gro\u00dfbritannien und Frankreich. <\/em><\/strong><\/div>\n<div>\n<p><strong><em>Auch Deutschland stimmt gegen <\/em><\/strong><strong><em>ein Atomwaffenverbot. <\/em><\/strong><\/p>\n<p><em>Die \u00fcberw\u00e4ltigende Mehrheit der Mitgliedsstaaten der Vereinten Nationen hat am 27. Oktober in New York die Aufnahme von Verhandlungen \u00fcber ein Atomwaffenverbot beschlossen. Im UN-Hauptausschuss f\u00fcr Abr\u00fcstung stimmten 123 Staaten daf\u00fcr, bereits f\u00fcr M\u00e4rz 2017 eine entsprechende UN-Konferenz einzuberufen. 38 Staaten &#8211; angef\u00fchrt von den USA und Russland &#8211; stimmten dagegen. Zu ihnen geh\u00f6ren fast alle NATO-Staaten inkl. Deutschland. 16 Staaten, darunter China, enthielten sich der Stimme. Die Endabstimmung in der UN-Generalversammlung steht noch aus, wird aber an diesem Votum kaum etwas \u00e4ndern.<\/em><\/p>\n<\/div>\n<div><em>\u201eDas Abstimmungsergebnis kommt einer abr\u00fcstungspolitischen Revolution gleich. Noch nie haben es die atomwaffenfreien Staaten gewagt, die Atomwaffenstaaten und ihre Alliierten in einer solchen Frage zu \u00fcberstimmen\u201c, erkl\u00e4rte Sascha Hach, deutscher Sprecher der internationalen<\/em> <em>Kampagne zur Abschaffung von Atomwaffen (ICAN) und f\u00fcgte hinzu, die Ablehnung Deutschland sei &#8222;eine Schande&#8220;.<\/em><\/div>\n<div>\u00a0<em>Die Heuchelei der Bundesregierung, die mit Lippenbekenntnissen eine Welt ohne Atomwaffen bef\u00fcrwortet aber mit den Hardlinern in der NATO gegen Verhandlungen f\u00fcr die \u00c4chtung und Abschaffung der Nuklearwaffen stimmt ist kaum noch zu \u00fcberbieten.<br \/>\nDie nukleare Teilhabe Deutschlands, die Einbindung der Bundeswehr in die Atomkriegsplanung der USA und NATO und die Bereitschaft der Bundesregierung, selbst den Einsatz der in Deutschland stationierten US-Atombomben durch die Bundeswehr zu genehmigen, ist ein Zeugnis abgrundtiefer Verachtung f\u00fcr den Mehrheitswillen der Bev\u00f6lkerung.\u00a0 <\/em><\/div>\n<div><em>85 Prozent der Bundesb\u00fcrger sprechen sich daf\u00fcr aus, dass die auf deutschem Boden gelagerten Atomwaffen abgezogen werden. 93% bef\u00fcrworten, dass Atomwaffen v\u00f6lkerrechtlich verboten werden. 88% sprechen sich dagegen aus, dass die in Deutschland gelagerten Atomwaffen durch neue und einsatzf\u00e4higere Bomben ersetzt werden. (Meinungsforschungsinstitut Forsa, M\u00e4rz 2016)<\/em><\/div>\n<div><\/div>\n<div><\/div>\n<div><strong><em>Die nukleare Komplizenschaft Deutschlands mit den USA darf nicht l\u00e4nger fortgesetzt werden! <\/em><\/strong><br \/>\n<em>Die Bundestagsabgeordneten m\u00fcssen st\u00e4rker als bisher unter Druck gesetzt werden, damit die in Deutschland stationierten US-Atomwaffen verschwinden und die Beteiligung der Bundeswehr am Einsatz der Atomwaffen beendet wird. <\/em><em>Die Bundesregierung kann dar\u00fcber selbst entscheiden. Daf\u00fcr braucht\u00a0 sie weder die Genehmigung der USA noch die der NATO.<\/em><\/div>\n<div><\/div>\n<div><strong><em>Wir fordern Taten statt leerer Worte. Wir bitten Euch deshalb die Petition \u201e<\/em><\/strong><strong><em>Atomwaffen-Stationierung in Deutschland beenden!\u201c tatkr\u00e4ftig zu unterst\u00fctzen. <\/em><\/strong><em>Hier k\u00f6nnt Ihr online unterschreiben und Eure Freunde und Bekannten bitten, ebenfalls die Petition zu unterzeichnen:<a href=\"https:\/\/weact.campact.de\/petitions\/beenden-sie-die-stationierung-der-atomwaffen-in-deutschland\" target=\"_blank\" rel=\"noopener noreferrer\">\u00a0<\/a><\/em><a href=\"https:\/\/weact.campact.de\/petitions\/beenden-sie-die-stationierung-der-atomwaffen-in-deutschland\" target=\"_blank\" rel=\"noopener noreferrer\"><b><i>https:\/\/weact.campact.de\/petitions\/beenden-sie-die-stationierung-der-atomwaffen-in-deutschland<\/i><\/b><\/a><\/div>\n<div style=\"text-align: right;\">Harald Fuchs<\/div>\n","protected":false},"excerpt":{"rendered":"<p>Folgender Beitrag von Birgit Malzahn und L\u00fchr Henken vom Bundesausschu\u00df Friedensratschlag verdient Beachtung und Verbreitung: Die Vereinten Nationen wollen \u00fcber ein Verbot aller Atomwaffen verhandeln. Widerstand kommt von den Atomm\u00e4chten USA, Russland, Gro\u00dfbritannien und&#46;&#46;&#46;<\/p>\n","protected":false},"author":110,"featured_media":0,"comment_status":"open","ping_status":"open","sticky":false,"template":"","format":"standard","meta":{"footnotes":""},"categories":[105],"tags":[42,33,68],"class_list":["post-9981","post","type-post","status-publish","format-standard","hentry","category-bericht","tag-abruestung","tag-atomwaffen","tag-bundesregierung"],"_links":{"self":[{"href":"https:\/\/www.friedenkoeln.de\/index.php?rest_route=\/wp\/v2\/posts\/9981","targetHints":{"allow":["GET"]}}],"collection":[{"href":"https:\/\/www.friedenkoeln.de\/index.php?rest_route=\/wp\/v2\/posts"}],"about":[{"href":"https:\/\/www.friedenkoeln.de\/index.php?rest_route=\/wp\/v2\/types\/post"}],"author":[{"embeddable":true,"href":"https:\/\/www.friedenkoeln.de\/index.php?rest_route=\/wp\/v2\/users\/110"}],"replies":[{"embeddable":true,"href":"https:\/\/www.friedenkoeln.de\/index.php?rest_route=%2Fwp%2Fv2%2Fcomments&post=9981"}],"version-history":[{"count":3,"href":"https:\/\/www.friedenkoeln.de\/index.php?rest_route=\/wp\/v2\/posts\/9981\/revisions"}],"predecessor-version":[{"id":15573,"href":"https:\/\/www.friedenkoeln.de\/index.php?rest_route=\/wp\/v2\/posts\/9981\/revisions\/15573"}],"wp:attachment":[{"href":"https:\/\/www.friedenkoeln.de\/index.php?rest_route=%2Fwp%2Fv2%2Fmedia&parent=9981"}],"wp:term":[{"taxonomy":"category","embeddable":true,"href":"https:\/\/www.friedenkoeln.de\/index.php?rest_route=%2Fwp%2Fv2%2Fcategories&post=9981"},{"taxonomy":"post_tag","embeddable":true,"href":"https:\/\/www.friedenkoeln.de\/index.php?rest_route=%2Fwp%2Fv2%2Ftags&post=9981"}],"curies":[{"name":"wp","href":"https:\/\/api.w.org\/{rel}","templated":true}]}}