{"id":9987,"date":"2016-11-03T11:05:16","date_gmt":"2016-11-03T09:05:16","guid":{"rendered":"http:\/\/www.friedenkoeln.de\/?p=9987"},"modified":"2016-11-03T11:05:16","modified_gmt":"2016-11-03T09:05:16","slug":"einladung-zur-aktion-atomwaffenfrei-jetzt-am-19-11-2016-in-buechel","status":"publish","type":"post","link":"https:\/\/www.friedenkoeln.de\/?p=9987","title":{"rendered":"Einladung zur Aktion \u201eatomwaffenfrei jetzt\u201c am 19.11.2016 in B\u00fcchel"},"content":{"rendered":"<p><img loading=\"lazy\" decoding=\"async\" class=\"alignnone size-large wp-image-9523\" src=\"http:\/\/www.friedenkoeln.de\/wp-content\/uploads\/2016\/06\/B\u00fcchel-Blockade16b-1024x576.jpg\" alt=\"B\u00fcchel-Blockade16b\" width=\"628\" height=\"353\" srcset=\"https:\/\/www.friedenkoeln.de\/wp-content\/uploads\/2016\/06\/B\u00fcchel-Blockade16b-1024x576.jpg 1024w, https:\/\/www.friedenkoeln.de\/wp-content\/uploads\/2016\/06\/B\u00fcchel-Blockade16b-768x432.jpg 768w, https:\/\/www.friedenkoeln.de\/wp-content\/uploads\/2016\/06\/B\u00fcchel-Blockade16b-956x538.jpg 956w, https:\/\/www.friedenkoeln.de\/wp-content\/uploads\/2016\/06\/B\u00fcchel-Blockade16b.jpg 1404w\" sizes=\"auto, (max-width: 628px) 100vw, 628px\" \/><\/p>\n<p>Liebe Friedensfreund*innen,<\/p>\n<p>am Sonnabend, 19. November veranstalten einige Qu\u00e4ker*innen gemeinsam mit Aktiven der DFG-VK (Deutsche Friedensgesellschaft &#8211; Vereinigte Kriegsdienstgegner*innen) und weiteren Friedensbewegten unter dem Motto \u201eatomwaffenfrei jetzt\u201c eine Aktion vor dem Haupttor des Bundeswehrstandorts B\u00fcchel (Taktisches Luftwaffengeschwader 33) in der N\u00e4he von Cochem an der Mosel.<\/p>\n<p>Dort sind im Rahmen der \u201eNuklearen Teilhabe\u201c der Bundesrepublik Deutschland immer noch 20 US-Atombomben B61 stationiert. Die NATO-Doktrin beinhaltet den Ersteinsatz von Atomwaffen, und Bundeswehr-Soldaten \u00fcben mit den Tornados des Taktischen Luftwaffengeschwaders 33 in B\u00fcchel t\u00e4glich f\u00fcr den Atomkrieg.<\/p>\n<p>Dagegen protestieren wir und fordern von der Bundesregierung, sich f\u00fcr ein Verbot von Atomwaffen einzusetzen. Gerade jetzt l\u00e4uft ein Antragsverfahren bei den Vereinten Nationen f\u00fcr ein weltweites Atomwaffen-Verbot. 123 Staaten stimmten daf\u00fcr, die Bundesrepublik Deutschland aber dagegen.<\/p>\n<p>Wir protestieren gegen die Atomwaffenpolitik der NATO und die geplante \u201eModernisierung\u201c der Atomwaffen in B\u00fcchel. Sie sollen lenkbar und damit \u201ebesser einsetzbar\u201c gemacht werden.<\/p>\n<p>Wer bei der Aktion ein Skelett-Kost\u00fcm tr\u00e4gt, macht unsere Aktion besonders augenf\u00e4llig. Die Kundgebung ist ausdr\u00fccklich gewaltfrei. Sie ist von 10 bis 13:30 Uhr angemeldet.<\/p>\n<p>Wir freuen uns \u00fcber weitere Teilnehmende \u2013 kommt einfach dazu!<\/p>\n<p>Friedensgr\u00fc\u00dfe von<\/p>\n<p>Ariane Dettloff<\/p>\n<p>DFG-VK Gruppe K\u00f6ln<\/p>\n","protected":false},"excerpt":{"rendered":"<p>Liebe Friedensfreund*innen, am Sonnabend, 19. November veranstalten einige Qu\u00e4ker*innen gemeinsam mit Aktiven der DFG-VK (Deutsche Friedensgesellschaft &#8211; Vereinigte Kriegsdienstgegner*innen) und weiteren Friedensbewegten unter dem Motto \u201eatomwaffenfrei jetzt\u201c eine Aktion vor dem Haupttor des Bundeswehrstandorts&#46;&#46;&#46;<\/p>\n","protected":false},"author":110,"featured_media":9988,"comment_status":"open","ping_status":"open","sticky":false,"template":"","format":"standard","meta":{"footnotes":""},"categories":[2],"tags":[42,33,68,48],"class_list":["post-9987","post","type-post","status-publish","format-standard","has-post-thumbnail","hentry","category-aktionen","tag-abruestung","tag-atomwaffen","tag-bundesregierung","tag-bundeswehr"],"_links":{"self":[{"href":"https:\/\/www.friedenkoeln.de\/index.php?rest_route=\/wp\/v2\/posts\/9987","targetHints":{"allow":["GET"]}}],"collection":[{"href":"https:\/\/www.friedenkoeln.de\/index.php?rest_route=\/wp\/v2\/posts"}],"about":[{"href":"https:\/\/www.friedenkoeln.de\/index.php?rest_route=\/wp\/v2\/types\/post"}],"author":[{"embeddable":true,"href":"https:\/\/www.friedenkoeln.de\/index.php?rest_route=\/wp\/v2\/users\/110"}],"replies":[{"embeddable":true,"href":"https:\/\/www.friedenkoeln.de\/index.php?rest_route=%2Fwp%2Fv2%2Fcomments&post=9987"}],"version-history":[{"count":1,"href":"https:\/\/www.friedenkoeln.de\/index.php?rest_route=\/wp\/v2\/posts\/9987\/revisions"}],"predecessor-version":[{"id":9989,"href":"https:\/\/www.friedenkoeln.de\/index.php?rest_route=\/wp\/v2\/posts\/9987\/revisions\/9989"}],"wp:featuredmedia":[{"embeddable":true,"href":"https:\/\/www.friedenkoeln.de\/index.php?rest_route=\/wp\/v2\/media\/9988"}],"wp:attachment":[{"href":"https:\/\/www.friedenkoeln.de\/index.php?rest_route=%2Fwp%2Fv2%2Fmedia&parent=9987"}],"wp:term":[{"taxonomy":"category","embeddable":true,"href":"https:\/\/www.friedenkoeln.de\/index.php?rest_route=%2Fwp%2Fv2%2Fcategories&post=9987"},{"taxonomy":"post_tag","embeddable":true,"href":"https:\/\/www.friedenkoeln.de\/index.php?rest_route=%2Fwp%2Fv2%2Ftags&post=9987"}],"curies":[{"name":"wp","href":"https:\/\/api.w.org\/{rel}","templated":true}]}}